{"id":35627,"date":"2025-01-25T11:39:19","date_gmt":"2025-01-25T17:39:19","guid":{"rendered":"https:\/\/labestiapolitica.com.mx\/?p=35627"},"modified":"2025-01-28T21:11:18","modified_gmt":"2025-01-29T03:11:18","slug":"inauguran-la-primera-casa-naranja-en-tetla-un-espacio-de-apoyo-y-servicios-gratuitos-para-la-comunidad","status":"publish","type":"post","link":"https:\/\/labestiapolitica.com.mx\/?p=35627","title":{"rendered":"Inauguran la Primera Casa Naranja en Tetla: Un Espacio de Apoyo y Servicios Gratuitos para la Comunidad"},"content":{"rendered":"<article class=\"w-full scroll-mb-[var(--thread-trailing-height,150px)] text-token-text-primary focus-visible:outline-2 focus-visible:outline-offset-[-4px]\" dir=\"auto\" data-testid=\"conversation-turn-2\" data-scroll-anchor=\"false\">\n<div class=\"m-auto text-base py-[18px] px-3 md:px-4 w-full md:px-5 lg:px-4 xl:px-5\">\n<div class=\"mx-auto flex flex-1 gap-4 text-base md:gap-5 lg:gap-6 md:max-w-3xl lg:max-w-[40rem] xl:max-w-[48rem]\">\n<div class=\"group\/conversation-turn relative flex w-full min-w-0 flex-col\">\n<div class=\"flex-col gap-1 md:gap-3\">\n<div class=\"flex max-w-full flex-col flex-grow\">\n<div class=\"min-h-8 text-message flex w-full flex-col items-end gap-2 whitespace-normal break-words text-start [.text-message+&amp;]:mt-5\" dir=\"auto\" data-message-author-role=\"user\" data-message-id=\"aaa2c6aa-5b03-48a4-8421-b74b537faac2\">\n<div class=\"flex w-full flex-col gap-1 empty:hidden items-end rtl:items-start\">\n<div class=\"relative max-w-[var(--user-chat-width,70%)] rounded-3xl bg-token-message-surface px-5 py-2.5\"><\/div>\n<\/div>\n<\/div>\n<\/div>\n<\/div>\n<\/div>\n<\/div>\n<\/div>\n<\/article>\n<article class=\"w-full scroll-mb-[var(--thread-trailing-height,150px)] text-token-text-primary focus-visible:outline-2 focus-visible:outline-offset-[-4px]\" dir=\"auto\" data-testid=\"conversation-turn-3\" data-scroll-anchor=\"true\">\n<div class=\"m-auto text-base py-[18px] px-3 md:px-4 w-full md:px-5 lg:px-4 xl:px-5\">\n<div class=\"mx-auto flex flex-1 gap-4 text-base md:gap-5 lg:gap-6 md:max-w-3xl lg:max-w-[40rem] xl:max-w-[48rem]\">\n<div class=\"flex-shrink-0 flex flex-col relative items-end\">\n<div>\n<div class=\"pt-0\">\n<div class=\"gizmo-bot-avatar flex h-8 w-8 items-center justify-center overflow-hidden rounded-full\"><\/div>\n<\/div>\n<\/div>\n<\/div>\n<div class=\"group\/conversation-turn relative flex w-full min-w-0 flex-col agent-turn\">\n<div class=\"flex-col gap-1 md:gap-3\">\n<div class=\"flex max-w-full flex-col flex-grow\">\n<div class=\"min-h-8 text-message flex w-full flex-col items-end gap-2 whitespace-normal break-words text-start [.text-message+&amp;]:mt-5\" dir=\"auto\" data-message-author-role=\"assistant\" data-message-id=\"75553153-fa11-427d-93ed-1b43b4a0fa6c\" data-message-model-slug=\"gpt-4o\">\n<div class=\"flex w-full flex-col gap-1 empty:hidden first:pt-[3px]\">\n<div class=\"markdown prose w-full break-words dark:prose-invert dark\">\n<p style=\"text-align: justify;\">Fabiola M\u00c1RQUEZ\/El pasado 24 de enero, el municipio de Tetla vivi\u00f3 un d\u00eda hist\u00f3rico con la inauguraci\u00f3n de la primera Casa Naranja del estado, un espacio dedicado al bienestar social y la atenci\u00f3n comunitaria impulsado por Movimiento Ciudadano (MC).<\/p>\n<p style=\"text-align: justify;\">El evento cont\u00f3 con la destacada presencia de Danae Figueroa, coordinadora estatal de MC, y Delfino Su\u00e1rez Piedras, presidente del Consejo Estatal de Movimiento Ciudadano, quienes reafirmaron su compromiso con la ciudadan\u00eda al poner en marcha este innovador proyecto. Tambi\u00e9n asisti\u00f3 el Presidente Nacional de M\u00e9xico con Valores, Braulio L\u00f3pez Ochoa, brindando un respaldo s\u00f3lido al esfuerzo conjunto.<\/p>\n<p style=\"text-align: justify;\">La Casa Naranja no solo es un s\u00edmbolo del compromiso social de MC, sino tambi\u00e9n un lugar dise\u00f1ado para ofrecer servicios gratuitos que mejoren la calidad de vida de los habitantes de Tetla y sus alrededores. Entre los servicios que estar\u00e1n disponibles destacan la orientaci\u00f3n legal, apoyo psicol\u00f3gico, atenci\u00f3n odontol\u00f3gica, ex\u00e1menes de la vista con entrega de lentes, cortes de cabello y una variedad de cursos formativos.<\/p>\n<p style=\"text-align: justify;\">Danae Figueroa remarc\u00f3 que este proyecto es fruto de un esfuerzo conjunto y reiter\u00f3 que el objetivo es garantizar que las personas m\u00e1s vulnerables puedan acceder a servicios esenciales sin costo alguno. \u00abLa Casa Naranja es un espacio para todos, donde buscamos generar un impacto positivo y construir un estado m\u00e1s justo y solidario\u00bb, expres\u00f3.<\/p>\n<p style=\"text-align: justify;\">Enfatiz\u00f3 que este tipo de iniciativas forman parte de una visi\u00f3n a largo plazo para fortalecer la presencia de Movimiento Ciudadano en el estado, siempre con un enfoque en la gente.<\/p>\n<p style=\"text-align: justify;\">La inauguraci\u00f3n de la Casa Naranja marca el inicio de una nueva etapa para Tetla, donde la ciudadan\u00eda podr\u00e1 contar con un espacio cercano y accesible que prioriza sus necesidades y fomenta el desarrollo comunitario. Este proyecto promete ser el primero de muchos, consolidando el compromiso de MC con los valores sociales y el bienestar colectivo.<\/p>\n<p>La puedes localizar en Rep\u00fablica de Venezuela No 67, 2da secci\u00f3n Teotlalpan, Tetla de la Solidaridad.<\/p>\n<p><img loading=\"lazy\" decoding=\"async\" class=\"alignnone size-full wp-image-35628\" src=\"https:\/\/labestiapolitica.com.mx\/wp-content\/uploads\/2025\/01\/mc4.jpg\" alt=\"\" width=\"1000\" height=\"600\" srcset=\"https:\/\/labestiapolitica.com.mx\/wp-content\/uploads\/2025\/01\/mc4.jpg 1000w, https:\/\/labestiapolitica.com.mx\/wp-content\/uploads\/2025\/01\/mc4-300x180.jpg 300w, https:\/\/labestiapolitica.com.mx\/wp-content\/uploads\/2025\/01\/mc4-768x461.jpg 768w\" sizes=\"auto, (max-width: 1000px) 100vw, 1000px\" \/> <img loading=\"lazy\" decoding=\"async\" class=\"alignnone size-full wp-image-35629\" src=\"https:\/\/labestiapolitica.com.mx\/wp-content\/uploads\/2025\/01\/mc3.jpg\" alt=\"\" width=\"1000\" height=\"600\" srcset=\"https:\/\/labestiapolitica.com.mx\/wp-content\/uploads\/2025\/01\/mc3.jpg 1000w, https:\/\/labestiapolitica.com.mx\/wp-content\/uploads\/2025\/01\/mc3-300x180.jpg 300w, https:\/\/labestiapolitica.com.mx\/wp-content\/uploads\/2025\/01\/mc3-768x461.jpg 768w\" sizes=\"auto, (max-width: 1000px) 100vw, 1000px\" \/> <img loading=\"lazy\" decoding=\"async\" class=\"alignnone size-full wp-image-35630\" src=\"https:\/\/labestiapolitica.com.mx\/wp-content\/uploads\/2025\/01\/mc2.jpg\" alt=\"\" width=\"1000\" height=\"600\" srcset=\"https:\/\/labestiapolitica.com.mx\/wp-content\/uploads\/2025\/01\/mc2.jpg 1000w, https:\/\/labestiapolitica.com.mx\/wp-content\/uploads\/2025\/01\/mc2-300x180.jpg 300w, https:\/\/labestiapolitica.com.mx\/wp-content\/uploads\/2025\/01\/mc2-768x461.jpg 768w\" sizes=\"auto, (max-width: 1000px) 100vw, 1000px\" \/><\/p>\n<\/div>\n<\/div>\n<\/div>\n<\/div>\n<\/div>\n<\/div>\n<\/div>\n<\/div>\n<\/article>\n","protected":false},"excerpt":{"rendered":"<p>Fabiola M\u00c1RQUEZ\/El pasado 24 de enero, el municipio de Tetla vivi\u00f3 un d\u00eda hist\u00f3rico con la inauguraci\u00f3n de la primera Casa Naranja del estado, un espacio dedicado al bienestar social y la atenci\u00f3n comunitaria impulsado por Movimiento Ciudadano (MC). El evento cont\u00f3 con la destacada presencia de Danae Figueroa, coordinadora estatal de MC, y Delfino [&hellip;]<\/p>\n","protected":false},"author":3,"featured_media":35631,"comment_status":"open","ping_status":"open","sticky":false,"template":"","format":"standard","meta":{"footnotes":""},"categories":[7],"tags":[],"class_list":["post-35627","post","type-post","status-publish","format-standard","has-post-thumbnail","hentry","category-ciudadanos"],"amp_enabled":true,"_links":{"self":[{"href":"https:\/\/labestiapolitica.com.mx\/index.php?rest_route=\/wp\/v2\/posts\/35627","targetHints":{"allow":["GET"]}}],"collection":[{"href":"https:\/\/labestiapolitica.com.mx\/index.php?rest_route=\/wp\/v2\/posts"}],"about":[{"href":"https:\/\/labestiapolitica.com.mx\/index.php?rest_route=\/wp\/v2\/types\/post"}],"author":[{"embeddable":true,"href":"https:\/\/labestiapolitica.com.mx\/index.php?rest_route=\/wp\/v2\/users\/3"}],"replies":[{"embeddable":true,"href":"https:\/\/labestiapolitica.com.mx\/index.php?rest_route=%2Fwp%2Fv2%2Fcomments&post=35627"}],"version-history":[{"count":2,"href":"https:\/\/labestiapolitica.com.mx\/index.php?rest_route=\/wp\/v2\/posts\/35627\/revisions"}],"predecessor-version":[{"id":35650,"href":"https:\/\/labestiapolitica.com.mx\/index.php?rest_route=\/wp\/v2\/posts\/35627\/revisions\/35650"}],"wp:featuredmedia":[{"embeddable":true,"href":"https:\/\/labestiapolitica.com.mx\/index.php?rest_route=\/wp\/v2\/media\/35631"}],"wp:attachment":[{"href":"https:\/\/labestiapolitica.com.mx\/index.php?rest_route=%2Fwp%2Fv2%2Fmedia&parent=35627"}],"wp:term":[{"taxonomy":"category","embeddable":true,"href":"https:\/\/labestiapolitica.com.mx\/index.php?rest_route=%2Fwp%2Fv2%2Fcategories&post=35627"},{"taxonomy":"post_tag","embeddable":true,"href":"https:\/\/labestiapolitica.com.mx\/index.php?rest_route=%2Fwp%2Fv2%2Ftags&post=35627"}],"curies":[{"name":"wp","href":"https:\/\/api.w.org\/{rel}","templated":true}]}}