{"id":35636,"date":"2025-01-25T12:06:20","date_gmt":"2025-01-25T18:06:20","guid":{"rendered":"https:\/\/labestiapolitica.com.mx\/?p=35636"},"modified":"2025-01-25T12:06:20","modified_gmt":"2025-01-25T18:06:20","slug":"tlaxcala-se-convierte-en-referente-deportivo-conade-replicara-su-modelo-de-gestion-en-todo-el-pais","status":"publish","type":"post","link":"https:\/\/labestiapolitica.com.mx\/?p=35636","title":{"rendered":"Tlaxcala se convierte en referente deportivo: Conade replicar\u00e1 su modelo de gesti\u00f3n en todo el pa\u00eds"},"content":{"rendered":"<p style=\"text-align: justify;\">*El director del IDET, Daniel Moncayo Cervantes, acudi\u00f3 a reuni\u00f3n de la Conade con Rommel Pacheco y representantes de las otras 31 entidades del pa\u00eds<\/p>\n<p style=\"text-align: justify;\">Despu\u00e9s de que los eventos de talla nacional e internacional en Tlaxcala en materia deportiva han sido un \u00e9xito, el titular de la Comisi\u00f3n Nacional de Cultura F\u00edsica y Deporte (Conade), Rommel Pacheco, dio a conocer la intenci\u00f3n de replicar la gesti\u00f3n y organizaci\u00f3n de los cert\u00e1menes en el resto del pa\u00eds, para consolidar a M\u00e9xico como una naci\u00f3n con cultura deportiva.<\/p>\n<p style=\"text-align: justify;\">En el Centro Nacional de Alto Rendimiento (CNAR), en la Ciudad de M\u00e9xico, el director del Instituto del Deporte de Tlaxcala (IDET), Daniel Moncayo Cervantes, destac\u00f3 que se reunieron todos los titulares del deporte del pa\u00eds para conocer las l\u00edneas de acci\u00f3n, a fin de generar sinergia por el bien de la cultura f\u00edsica y el deporte de M\u00e9xico.<\/p>\n<p style=\"text-align: justify;\">\u201cLa intenci\u00f3n de la Conade es replicar la gesti\u00f3n y organizaci\u00f3n de Tlaxcala para darle a los estados un evento nacional e internacional y conocer los grandes beneficios que a Tlaxcala le han dado los eventos nacionales e internacionales\u201d, coment\u00f3 Moncayo Cervantes.<\/p>\n<p style=\"text-align: justify;\">Asimismo, dijo que se impulsar\u00e1 el acercamiento hacia la cultura y el desarrollo deportivo desde la base social; por ello, tambi\u00e9n presentaron a los titulares de las subdirecciones, los proyectos de trabajo, a fin de que en la pr\u00f3xima sesi\u00f3n del Sistema Nacional del Deporte (Sinade) se exponga a fondo la l\u00ednea de cada programa.<\/p>\n<p style=\"text-align: justify;\">En su intervenci\u00f3n, el titular de la Conade, Rommel Pacheco, se\u00f1al\u00f3 que se tiene que trabajar en equipo y con una visi\u00f3n compartida que impulse el deporte social y de alto rendimiento desde los municipios. \u201cLa labor de los Institutos del Deporte es crucial porque son la primera l\u00ednea de promoci\u00f3n y los responsables de identificar y cultivar el talento local, generar oportunidades y acercar los recursos\u201d.<\/p>\n<p style=\"text-align: justify;\">Adem\u00e1s, los invit\u00f3 a trabajar en equipo. \u201cQue rememos en la misma direcci\u00f3n y que cada acci\u00f3n que tomemos est\u00e9 alineada con el objetivo com\u00fan: consolidar a M\u00e9xico como una naci\u00f3n con una cultura deportiva fuerte y con atletas preparados para competir y triunfar en el \u00e1mbito internacional\u201d.<\/p>\n<p style=\"text-align: justify;\">Posterior a la reuni\u00f3n, Daniel Moncayo, acompa\u00f1\u00f3 a Rommel Pacheco a un recorrido por las instalaciones del CNAR, para conocer la infraestructura con la que cuentan los deportistas de alto rendimiento.<\/p>\n<p><img loading=\"lazy\" decoding=\"async\" class=\"alignnone size-full wp-image-35638\" src=\"https:\/\/labestiapolitica.com.mx\/wp-content\/uploads\/2025\/01\/idet-2.jpg\" alt=\"\" width=\"1000\" height=\"600\" srcset=\"https:\/\/labestiapolitica.com.mx\/wp-content\/uploads\/2025\/01\/idet-2.jpg 1000w, https:\/\/labestiapolitica.com.mx\/wp-content\/uploads\/2025\/01\/idet-2-300x180.jpg 300w, https:\/\/labestiapolitica.com.mx\/wp-content\/uploads\/2025\/01\/idet-2-768x461.jpg 768w\" sizes=\"auto, (max-width: 1000px) 100vw, 1000px\" \/><\/p>\n","protected":false},"excerpt":{"rendered":"<p>*El director del IDET, Daniel Moncayo Cervantes, acudi\u00f3 a reuni\u00f3n de la Conade con Rommel Pacheco y representantes de las otras 31 entidades del pa\u00eds Despu\u00e9s de que los eventos de talla nacional e internacional en Tlaxcala en materia deportiva han sido un \u00e9xito, el titular de la Comisi\u00f3n Nacional de Cultura F\u00edsica y Deporte [&hellip;]<\/p>\n","protected":false},"author":3,"featured_media":35637,"comment_status":"open","ping_status":"open","sticky":false,"template":"","format":"standard","meta":{"footnotes":""},"categories":[5],"tags":[],"class_list":["post-35636","post","type-post","status-publish","format-standard","has-post-thumbnail","hentry","category-deportes"],"amp_enabled":true,"_links":{"self":[{"href":"https:\/\/labestiapolitica.com.mx\/index.php?rest_route=\/wp\/v2\/posts\/35636","targetHints":{"allow":["GET"]}}],"collection":[{"href":"https:\/\/labestiapolitica.com.mx\/index.php?rest_route=\/wp\/v2\/posts"}],"about":[{"href":"https:\/\/labestiapolitica.com.mx\/index.php?rest_route=\/wp\/v2\/types\/post"}],"author":[{"embeddable":true,"href":"https:\/\/labestiapolitica.com.mx\/index.php?rest_route=\/wp\/v2\/users\/3"}],"replies":[{"embeddable":true,"href":"https:\/\/labestiapolitica.com.mx\/index.php?rest_route=%2Fwp%2Fv2%2Fcomments&post=35636"}],"version-history":[{"count":1,"href":"https:\/\/labestiapolitica.com.mx\/index.php?rest_route=\/wp\/v2\/posts\/35636\/revisions"}],"predecessor-version":[{"id":35639,"href":"https:\/\/labestiapolitica.com.mx\/index.php?rest_route=\/wp\/v2\/posts\/35636\/revisions\/35639"}],"wp:featuredmedia":[{"embeddable":true,"href":"https:\/\/labestiapolitica.com.mx\/index.php?rest_route=\/wp\/v2\/media\/35637"}],"wp:attachment":[{"href":"https:\/\/labestiapolitica.com.mx\/index.php?rest_route=%2Fwp%2Fv2%2Fmedia&parent=35636"}],"wp:term":[{"taxonomy":"category","embeddable":true,"href":"https:\/\/labestiapolitica.com.mx\/index.php?rest_route=%2Fwp%2Fv2%2Fcategories&post=35636"},{"taxonomy":"post_tag","embeddable":true,"href":"https:\/\/labestiapolitica.com.mx\/index.php?rest_route=%2Fwp%2Fv2%2Ftags&post=35636"}],"curies":[{"name":"wp","href":"https:\/\/api.w.org\/{rel}","templated":true}]}}