{"id":35861,"date":"2025-01-29T23:11:18","date_gmt":"2025-01-30T05:11:18","guid":{"rendered":"https:\/\/labestiapolitica.com.mx\/?p=35861"},"modified":"2025-01-29T23:11:18","modified_gmt":"2025-01-30T05:11:18","slug":"seleccion-tlaxcalteca-de-luchas-asociadas-gana-13-medallas-en-torneo-nacional","status":"publish","type":"post","link":"https:\/\/labestiapolitica.com.mx\/?p=35861","title":{"rendered":"Selecci\u00f3n Tlaxcalteca de Luchas Asociadas Gana 13 Medallas en Torneo Nacional"},"content":{"rendered":"<p style=\"text-align: justify;\">*La delegaci\u00f3n que viaj\u00f3 a Oaxaca con respaldo del gobierno estatal, obtuvo dos oros, cuatro platas y siete bronces<\/p>\n<p style=\"text-align: justify;\">El representativo local brill\u00f3 durante su participaci\u00f3n en el abierto mexicano de Luchas Asociadas, el cual se desarroll\u00f3 en el complejo deportivo \u201cHermanos Flores Mag\u00f3n\u201d de Oaxaca el pasado fin de semana, que tuvo como objetivo la clasificaci\u00f3n a eventos internacionales como Campeonatos Panamericanos Sub-23 y de Mayores, as\u00ed como los Juegos Panamericanos Junior Asunci\u00f3n 2025.<\/p>\n<p style=\"text-align: justify;\">Durante la primera jornada, las ramas femenil y varonil ganaron 13 metales: dos oros con Rodrigo Cano de la categor\u00eda U11 29 kilogramos y Luz Mar\u00eda Hern\u00e1ndez Hern\u00e1ndez, de 76 kilogramos categor\u00eda seniors; asimismo, se adjudicaron cuatro platas con Jotshua Pacheco Ponce U17 80 kg, Santiago Ju\u00e1rez Rojas U13 32 kg, \u00c1ngel Capilla Rodr\u00edguez U13 35 kg y Ameyalli Sayil Jessel Rojas 62 kg seniors.<\/p>\n<p style=\"text-align: justify;\">Ivanna L\u00f3pez Rodr\u00edguez, de la categor\u00eda U17 57KG; Daniel Ju\u00e1rez Romero, de U13 57 kg; Zair Medina Arellanos, de U23 57 kg; Yiovani Ponce Chantes, de U15 68 kg; Jorge Armando Garc\u00eda Garc\u00eda, de U20 74 kg; Francisco Mart\u00ednez Ju\u00e1rez, de U17 71kg, y Gustavo Rangel Rojas de 125 kg Seniors, ganaron bronce como parte de su actuaci\u00f3n en la mencionada competencia.<\/p>\n<p style=\"text-align: justify;\">El entrenador en jefe, C\u00e9sar Jes\u00fas Ram\u00edrez Castillo, calific\u00f3 la participaci\u00f3n de la delegaci\u00f3n como positiva, toda vez que se llegaron a las finales como lo ten\u00edan previsto, adem\u00e1s de reconocer la calidad deportiva de los contrincantes.<\/p>\n<p style=\"text-align: justify;\">\u201cSe lograron medallas en categor\u00edas que participan en nacionales CONADE, as\u00ed como en las categor\u00edas mayores, fue un excelente par\u00e1metro para la correcci\u00f3n de errores con perspectivas a la fase macro-rregional, que se realizar\u00e1 en dos meses. Contamos con el respaldo de los padres de familia y del gobierno del estado, a trav\u00e9s del Instituto del Deporte de Tlaxcala; as\u00ed que buscaremos fogueos y entrenamientos para estar preparados para los siguientes compromisos.\u201d<\/p>\n<p style=\"text-align: justify;\">Ram\u00edrez Castillo invit\u00f3 a los ni\u00f1os y j\u00f3venes que gusten de practicar la disciplina de luchas asociadas a la escuela de formaci\u00f3n t\u00e9cnico deportiva que se ubica en San Pablo del Monte y que atiende a la poblaci\u00f3n de 15:30 a 17:30 horas en el auditorio de usos m\u00faltiples.<\/p>\n","protected":false},"excerpt":{"rendered":"<p>*La delegaci\u00f3n que viaj\u00f3 a Oaxaca con respaldo del gobierno estatal, obtuvo dos oros, cuatro platas y siete bronces El representativo local brill\u00f3 durante su participaci\u00f3n en el abierto mexicano de Luchas Asociadas, el cual se desarroll\u00f3 en el complejo deportivo \u201cHermanos Flores Mag\u00f3n\u201d de Oaxaca el pasado fin de semana, que tuvo como objetivo [&hellip;]<\/p>\n","protected":false},"author":3,"featured_media":35862,"comment_status":"open","ping_status":"open","sticky":false,"template":"","format":"standard","meta":{"footnotes":""},"categories":[5],"tags":[],"class_list":["post-35861","post","type-post","status-publish","format-standard","has-post-thumbnail","hentry","category-deportes"],"amp_enabled":true,"_links":{"self":[{"href":"https:\/\/labestiapolitica.com.mx\/index.php?rest_route=\/wp\/v2\/posts\/35861","targetHints":{"allow":["GET"]}}],"collection":[{"href":"https:\/\/labestiapolitica.com.mx\/index.php?rest_route=\/wp\/v2\/posts"}],"about":[{"href":"https:\/\/labestiapolitica.com.mx\/index.php?rest_route=\/wp\/v2\/types\/post"}],"author":[{"embeddable":true,"href":"https:\/\/labestiapolitica.com.mx\/index.php?rest_route=\/wp\/v2\/users\/3"}],"replies":[{"embeddable":true,"href":"https:\/\/labestiapolitica.com.mx\/index.php?rest_route=%2Fwp%2Fv2%2Fcomments&post=35861"}],"version-history":[{"count":1,"href":"https:\/\/labestiapolitica.com.mx\/index.php?rest_route=\/wp\/v2\/posts\/35861\/revisions"}],"predecessor-version":[{"id":35863,"href":"https:\/\/labestiapolitica.com.mx\/index.php?rest_route=\/wp\/v2\/posts\/35861\/revisions\/35863"}],"wp:featuredmedia":[{"embeddable":true,"href":"https:\/\/labestiapolitica.com.mx\/index.php?rest_route=\/wp\/v2\/media\/35862"}],"wp:attachment":[{"href":"https:\/\/labestiapolitica.com.mx\/index.php?rest_route=%2Fwp%2Fv2%2Fmedia&parent=35861"}],"wp:term":[{"taxonomy":"category","embeddable":true,"href":"https:\/\/labestiapolitica.com.mx\/index.php?rest_route=%2Fwp%2Fv2%2Fcategories&post=35861"},{"taxonomy":"post_tag","embeddable":true,"href":"https:\/\/labestiapolitica.com.mx\/index.php?rest_route=%2Fwp%2Fv2%2Ftags&post=35861"}],"curies":[{"name":"wp","href":"https:\/\/api.w.org\/{rel}","templated":true}]}}