{"id":36008,"date":"2025-01-31T12:16:30","date_gmt":"2025-01-31T18:16:30","guid":{"rendered":"https:\/\/labestiapolitica.com.mx\/?p=36008"},"modified":"2025-01-31T12:16:30","modified_gmt":"2025-01-31T18:16:30","slug":"reciben-estudiantes-del-conalep-apoyo-de-empresarios-tlaxcaltecas-para-el-impulso-de-proyectos","status":"publish","type":"post","link":"https:\/\/labestiapolitica.com.mx\/?p=36008","title":{"rendered":"Reciben estudiantes del conalep apoyo de empresarios tlaxcaltecas para el impulso de proyectos"},"content":{"rendered":"<p style=\"text-align: justify;\">\n*La gobernadora Lorena Cu\u00e9llar exhort\u00f3 a los participantes de \u00abMentes Creativas\u00bb a luchar por sus sue\u00f1os<\/p>\n<p style=\"text-align: justify;\">La gobernadora Lorena Cu\u00e9llar Cisneros atestigu\u00f3 la culminaci\u00f3n de los proyectos \u00abMentes Creativas\u201d, organizado por el Colegio Nacional de Educaci\u00f3n Profesional T\u00e9cnica (Conalep) del estado, para seleccionar los mejores trabajos que obtendr\u00e1n asesor\u00eda o financiamiento por parte de los empresarios participantes.<\/p>\n<p style=\"text-align: justify;\">\u201cEs un gusto para m\u00ed ver a tantos j\u00f3venes entusiastas, creativos, que desean crecer, desean incursionar en una vida distinta. Cuando veo j\u00f3venes que participan en estas actividades, s\u00e9 que son personas que van a destacar y no est\u00e1n aqu\u00ed quiz\u00e1 muchos de los que quisieran estar, pero sigan so\u00f1ando\u201d, refiri\u00f3 la mandataria estatal.<\/p>\n<p style=\"text-align: justify;\">Con esta acci\u00f3n, se busca motivar e inspirar a los j\u00f3venes a explorar el emprendimiento, fomentando la innovaci\u00f3n y desarrollo econ\u00f3mico de la mano de empresarios comprometidos; por ello, Cu\u00e9llar Cisneros motiv\u00f3 a los j\u00f3venes a luchar por sus sue\u00f1os y nos darse por vencidos.<\/p>\n<p style=\"text-align: justify;\">La titular del Ejecutivo local se\u00f1al\u00f3 que los empresarios que hoy apoyan a los estudiantes tambi\u00e9n tuvieron que hacer su proyecto de vida y trabajar con dedicaci\u00f3n en \u00e9l para llegar a la meta final, de ah\u00ed la importancia de este tipo de acciones que impulsan a los alumnos.<\/p>\n<p style=\"text-align: justify;\">Lorena Cu\u00e9llar record\u00f3 que, para su gobierno, la educaci\u00f3n es un eje importante y por ello se seguir\u00e1 trabajando en el modelo dual, con la finalidad de que los j\u00f3venes ya est\u00e9n preparados para ingresar a las empresas asentadas en Tlaxcala o exploren el emprendimiento.<\/p>\n<p style=\"text-align: justify;\">El titular de la Secretar\u00eda de Educaci\u00f3n P\u00fablica del Estado (SEPE), Homero Meneses Hern\u00e1ndez, destac\u00f3 que el Conalep es referente en temas de educaci\u00f3n dual y en la vinculaci\u00f3n que se tiene con los empresarios, lo que se fortalece con el \u00edmpetu de las y los docentes que ayudan a que los alumnos mejoren d\u00eda a d\u00eda.<\/p>\n<p style=\"text-align: justify;\">Invit\u00f3 a los j\u00f3venes concursantes a aprovechar al m\u00e1ximo este apoyo: \u201cFelicidades por esas mentes creativas y muchas felicidades por sacar adelante a nuestro estado bell\u00edsimo que habr\u00e1 de ser ejemplo nacional una vez m\u00e1s\u201d.<\/p>\n<p style=\"text-align: justify;\">A su vez, el coordinador de evaluaci\u00f3n de aprovechamiento escolar del Conalep, Carlos Alberto Gonz\u00e1lez Salgado, en representaci\u00f3n del director general, Rodrigo Rojas Navarrete, se\u00f1al\u00f3 que \u201cpara el Conalep son muy importantes estos eventos, sobre todo por temas de emprendimiento, ya que se toma como parte del ADN que cada estudiante debe tener\u201d.<\/p>\n<p style=\"text-align: justify;\">Felicit\u00f3 a la gobernadora Lorena Cu\u00e9llar por los logros alcanzados, pues con la realizaci\u00f3n de estas actividades se muestra el compromiso que se tiene con la educaci\u00f3n, el emprendimiento, el desarrollo econ\u00f3mico y con los j\u00f3venes, al visibilizar los proyectos que se hacen en los planteles<\/p>\n<p style=\"text-align: justify;\">En su oportunidad, el director general del Conalep Tlaxcala, Darwin P\u00e9rez y P\u00e9rez, calific\u00f3 la culminaci\u00f3n de los proyectos como una \u201ccoronaci\u00f3n de esfuerzos de los j\u00f3venes\u201d, pues trabajaron arduamente durante varios meses en conjunto con los empresarios para mostrar su talento.<\/p>\n<p style=\"text-align: justify;\">Precis\u00f3 que son cinco los proyectos seleccionados, de los cuales dos son del plantel Teacalco, otros dos de Zacualpan y uno m\u00e1s del plantel Amaxac, cuyos trabajos fueron previamente analizados por el comit\u00e9 evaluador, que estuvo encabezado por el Instituto Polit\u00e9cnico Nacional (IPN).<\/p>\n<p style=\"text-align: justify;\">P\u00e9rez y P\u00e9rez explic\u00f3 que antes de iniciar con la elaboraci\u00f3n de proyectos, los alumnos recibieron un curso donde aprendieron sobre los planes de negocios, de marketing y la balanza de comprobaci\u00f3n; adem\u00e1s, recibieron consejos y sugerencias de los empresarios a quienes agradeci\u00f3 por sumarse a este esfuerzo.<\/p>\n<p style=\"text-align: justify;\">En el evento tambi\u00e9n estuvo la directora de industria de la Secretar\u00eda de Desarrollo Econ\u00f3mico (Sedeco), Nazareth Tirado Portilla; el presidente de Totolac, Jonathan S\u00e1nchez Ju\u00e1rez, as\u00ed como otros funcionarios estatales, empresarios, docentes, estudiantes y padres de familia.<\/p>\n","protected":false},"excerpt":{"rendered":"<p>*La gobernadora Lorena Cu\u00e9llar exhort\u00f3 a los participantes de \u00abMentes Creativas\u00bb a luchar por sus sue\u00f1os La gobernadora Lorena Cu\u00e9llar Cisneros atestigu\u00f3 la culminaci\u00f3n de los proyectos \u00abMentes Creativas\u201d, organizado por el Colegio Nacional de Educaci\u00f3n Profesional T\u00e9cnica (Conalep) del estado, para seleccionar los mejores trabajos que obtendr\u00e1n asesor\u00eda o financiamiento por parte de los [&hellip;]<\/p>\n","protected":false},"author":3,"featured_media":36009,"comment_status":"open","ping_status":"open","sticky":false,"template":"","format":"standard","meta":{"footnotes":""},"categories":[7],"tags":[],"class_list":["post-36008","post","type-post","status-publish","format-standard","has-post-thumbnail","hentry","category-ciudadanos"],"amp_enabled":true,"_links":{"self":[{"href":"https:\/\/labestiapolitica.com.mx\/index.php?rest_route=\/wp\/v2\/posts\/36008","targetHints":{"allow":["GET"]}}],"collection":[{"href":"https:\/\/labestiapolitica.com.mx\/index.php?rest_route=\/wp\/v2\/posts"}],"about":[{"href":"https:\/\/labestiapolitica.com.mx\/index.php?rest_route=\/wp\/v2\/types\/post"}],"author":[{"embeddable":true,"href":"https:\/\/labestiapolitica.com.mx\/index.php?rest_route=\/wp\/v2\/users\/3"}],"replies":[{"embeddable":true,"href":"https:\/\/labestiapolitica.com.mx\/index.php?rest_route=%2Fwp%2Fv2%2Fcomments&post=36008"}],"version-history":[{"count":1,"href":"https:\/\/labestiapolitica.com.mx\/index.php?rest_route=\/wp\/v2\/posts\/36008\/revisions"}],"predecessor-version":[{"id":36010,"href":"https:\/\/labestiapolitica.com.mx\/index.php?rest_route=\/wp\/v2\/posts\/36008\/revisions\/36010"}],"wp:featuredmedia":[{"embeddable":true,"href":"https:\/\/labestiapolitica.com.mx\/index.php?rest_route=\/wp\/v2\/media\/36009"}],"wp:attachment":[{"href":"https:\/\/labestiapolitica.com.mx\/index.php?rest_route=%2Fwp%2Fv2%2Fmedia&parent=36008"}],"wp:term":[{"taxonomy":"category","embeddable":true,"href":"https:\/\/labestiapolitica.com.mx\/index.php?rest_route=%2Fwp%2Fv2%2Fcategories&post=36008"},{"taxonomy":"post_tag","embeddable":true,"href":"https:\/\/labestiapolitica.com.mx\/index.php?rest_route=%2Fwp%2Fv2%2Ftags&post=36008"}],"curies":[{"name":"wp","href":"https:\/\/api.w.org\/{rel}","templated":true}]}}