{"id":36014,"date":"2025-01-31T12:29:57","date_gmt":"2025-01-31T18:29:57","guid":{"rendered":"https:\/\/labestiapolitica.com.mx\/?p=36014"},"modified":"2025-01-31T12:29:57","modified_gmt":"2025-01-31T18:29:57","slug":"exhorta-sandra-aguilar-a-ayuntamientos-a-cumplir-con-planes-municipales-de-desarrollo","status":"publish","type":"post","link":"https:\/\/labestiapolitica.com.mx\/?p=36014","title":{"rendered":"Exhorta Sandra Aguilar a Ayuntamientos a cumplir con Planes Municipales de Desarrollo"},"content":{"rendered":"<p style=\"text-align: justify;\" data-ccp-border-bottom=\"0px none #000000\" data-ccp-padding-bottom=\"0px\" data-ccp-border-between=\"0px none #000000\" data-ccp-padding-between=\"0px\"><span data-contrast=\"none\">En sesi\u00f3n ordinaria, la diputada local por el PRI, Sandra Aguilar Vega, hizo un llamado a las y los Presidentes Municipales a cumplir con la elaboraci\u00f3n y aprobaci\u00f3n de sus Planes Municipales de Desarrollo.<\/span><span data-ccp-props=\"{&quot;335551550&quot;:6,&quot;335551620&quot;:6}\">\u00a0<\/span><\/p>\n<p style=\"text-align: justify;\" data-ccp-border-bottom=\"0px none #000000\" data-ccp-padding-bottom=\"0px\" data-ccp-border-between=\"0px none #000000\" data-ccp-padding-between=\"0px\"><span data-contrast=\"none\">\u00a0<\/span><span data-ccp-props=\"{&quot;335551550&quot;:6,&quot;335551620&quot;:6}\">\u00a0<\/span><\/p>\n<p style=\"text-align: justify;\" data-ccp-border-bottom=\"0px none #000000\" data-ccp-padding-bottom=\"0px\" data-ccp-border-between=\"0px none #000000\" data-ccp-padding-between=\"0px\"><span data-contrast=\"none\">\u201cComo presidenta de la Comisi\u00f3n de Asuntos Municipales, desde esta tribuna hago una llamado a las y los Presidentes Municipales que est\u00e9n en falta en el cumplimiento de esta obligaci\u00f3n, para que a la mayor brevedad posible elaboren y aprueben en sus cabildos sus Planes Municipales de Desarrollo, as\u00ed como soliciten la publicaci\u00f3n del mismo en el Peri\u00f3dico Oficial del Gobierno del Estado\u201d, se\u00f1al\u00f3.\u00a0<\/span><span data-ccp-props=\"{&quot;335551550&quot;:6,&quot;335551620&quot;:6}\">\u00a0<\/span><\/p>\n<p style=\"text-align: justify;\" data-ccp-border-bottom=\"0px none #000000\" data-ccp-padding-bottom=\"0px\" data-ccp-border-between=\"0px none #000000\" data-ccp-padding-between=\"0px\"><span data-contrast=\"none\">\u00a0<\/span><span data-ccp-props=\"{&quot;335551550&quot;:6,&quot;335551620&quot;:6}\">\u00a0<\/span><\/p>\n<p style=\"text-align: justify;\" data-ccp-border-bottom=\"0px none #000000\" data-ccp-padding-bottom=\"0px\" data-ccp-border-between=\"0px none #000000\" data-ccp-padding-between=\"0px\"><span data-contrast=\"none\">La legisladora comparti\u00f3 que, es indispensable que cada Ayuntamiento asuma con responsabilidad esta obligaci\u00f3n y lo convierta en un instrumento din\u00e1mico de gesti\u00f3n, que no solo cumpla con un requisito legal, sino que refleje las verdaderas necesidades de la ciudadan\u00eda.<\/span><span data-ccp-props=\"{&quot;335551550&quot;:6,&quot;335551620&quot;:6}\">\u00a0<\/span><\/p>\n<p style=\"text-align: justify;\" data-ccp-border-bottom=\"0px none #000000\" data-ccp-padding-bottom=\"0px\" data-ccp-border-between=\"0px none #000000\" data-ccp-padding-between=\"0px\"><span data-contrast=\"none\">\u00a0<\/span><span data-ccp-props=\"{&quot;335551550&quot;:6,&quot;335551620&quot;:6}\">\u00a0<\/span><\/p>\n<p style=\"text-align: justify;\" data-ccp-border-bottom=\"0px none #000000\" data-ccp-padding-bottom=\"0px\" data-ccp-border-between=\"0px none #000000\" data-ccp-padding-between=\"0px\"><span data-contrast=\"none\">\u201cEl Plan Municipal de Desarrollo es la herramienta clave para definir objetivos, estrategias y acciones que impulsen el bienestar de los municipios y sus comunidades. A trav\u00e9s de \u00e9l, se establecen las prioridades en temas de salud, seguridad p\u00fablica, desarrollo social, promoci\u00f3n cultural, proyecci\u00f3n tur\u00edstica, desarrollo educativo, acciones ambientales, desarrollo urbano, inversi\u00f3n p\u00fablica, infraestructura municipal y obra p\u00fablica\u201d, comparti\u00f3.<\/span><span data-ccp-props=\"{&quot;335551550&quot;:6,&quot;335551620&quot;:6}\">\u00a0<\/span><\/p>\n<p style=\"text-align: justify;\" data-ccp-border-bottom=\"0px none #000000\" data-ccp-padding-bottom=\"0px\" data-ccp-border-between=\"0px none #000000\" data-ccp-padding-between=\"0px\"><span data-contrast=\"none\">\u00a0<\/span><span data-ccp-props=\"{&quot;335551550&quot;:6,&quot;335551620&quot;:6}\">\u00a0<\/span><\/p>\n<p style=\"text-align: justify;\" data-ccp-border-bottom=\"0px none #000000\" data-ccp-padding-bottom=\"0px\" data-ccp-border-between=\"0px none #000000\" data-ccp-padding-between=\"0px\"><span data-contrast=\"none\">Cabe destacar que de acuerdo con el art\u00edculo 92 de la Ley Municipal del Estado de Tlaxcala, los Ayuntamientos deber\u00e1n planear sus actividades en el Plan Municipal de Desarrollo, el cual se elaborar\u00e1, aprobar\u00e1 y publicar\u00e1 en un plazo no mayor a cuarenta d\u00edas naturales posteriores a la publicaci\u00f3n del Plan Estatal de Desarrollo, cuando el inicio del periodo constitucional del Ejecutivo Estatal y la instalaci\u00f3n de los ayuntamientos, sea concurrente, respecto al periodo constitucional del Ejecutivo Estatal, tendr\u00e1n no mayor a cuatro meses.\u00a0<\/span><span data-ccp-props=\"{&quot;335551550&quot;:6,&quot;335551620&quot;:6}\">\u00a0<\/span><\/p>\n<p style=\"text-align: justify;\" data-ccp-border-bottom=\"0px none #000000\" data-ccp-padding-bottom=\"0px\" data-ccp-border-between=\"0px none #000000\" data-ccp-padding-between=\"0px\"><span data-ccp-props=\"{&quot;335551550&quot;:6,&quot;335551620&quot;:6}\">\u00a0<\/span><\/p>\n<p style=\"text-align: justify;\" data-ccp-border-between=\"0px none #000000\" data-ccp-padding-between=\"0px\"><span data-contrast=\"none\">Dicho precepto legal tiene su fundamento en que el Plan Municipal de Desarrollo debe estar armonizado con el Estatal, para con ello \u00e9stos contribuyan a alcanzar los objetivos y metas propuestas en el Estado.\u00a0<\/span><span data-ccp-props=\"{&quot;335551550&quot;:6,&quot;335551620&quot;:6}\">\u00a0<\/span><\/p>\n","protected":false},"excerpt":{"rendered":"<p>En sesi\u00f3n ordinaria, la diputada local por el PRI, Sandra Aguilar Vega, hizo un llamado a las y los Presidentes Municipales a cumplir con la elaboraci\u00f3n y aprobaci\u00f3n de sus Planes Municipales de Desarrollo.\u00a0 \u00a0\u00a0 \u201cComo presidenta de la Comisi\u00f3n de Asuntos Municipales, desde esta tribuna hago una llamado a las y los Presidentes Municipales [&hellip;]<\/p>\n","protected":false},"author":3,"featured_media":36016,"comment_status":"open","ping_status":"open","sticky":false,"template":"","format":"standard","meta":{"footnotes":""},"categories":[7],"tags":[],"class_list":["post-36014","post","type-post","status-publish","format-standard","has-post-thumbnail","hentry","category-ciudadanos"],"amp_enabled":true,"_links":{"self":[{"href":"https:\/\/labestiapolitica.com.mx\/index.php?rest_route=\/wp\/v2\/posts\/36014","targetHints":{"allow":["GET"]}}],"collection":[{"href":"https:\/\/labestiapolitica.com.mx\/index.php?rest_route=\/wp\/v2\/posts"}],"about":[{"href":"https:\/\/labestiapolitica.com.mx\/index.php?rest_route=\/wp\/v2\/types\/post"}],"author":[{"embeddable":true,"href":"https:\/\/labestiapolitica.com.mx\/index.php?rest_route=\/wp\/v2\/users\/3"}],"replies":[{"embeddable":true,"href":"https:\/\/labestiapolitica.com.mx\/index.php?rest_route=%2Fwp%2Fv2%2Fcomments&post=36014"}],"version-history":[{"count":1,"href":"https:\/\/labestiapolitica.com.mx\/index.php?rest_route=\/wp\/v2\/posts\/36014\/revisions"}],"predecessor-version":[{"id":36017,"href":"https:\/\/labestiapolitica.com.mx\/index.php?rest_route=\/wp\/v2\/posts\/36014\/revisions\/36017"}],"wp:featuredmedia":[{"embeddable":true,"href":"https:\/\/labestiapolitica.com.mx\/index.php?rest_route=\/wp\/v2\/media\/36016"}],"wp:attachment":[{"href":"https:\/\/labestiapolitica.com.mx\/index.php?rest_route=%2Fwp%2Fv2%2Fmedia&parent=36014"}],"wp:term":[{"taxonomy":"category","embeddable":true,"href":"https:\/\/labestiapolitica.com.mx\/index.php?rest_route=%2Fwp%2Fv2%2Fcategories&post=36014"},{"taxonomy":"post_tag","embeddable":true,"href":"https:\/\/labestiapolitica.com.mx\/index.php?rest_route=%2Fwp%2Fv2%2Ftags&post=36014"}],"curies":[{"name":"wp","href":"https:\/\/api.w.org\/{rel}","templated":true}]}}