{"id":36084,"date":"2025-01-31T21:10:10","date_gmt":"2025-02-01T03:10:10","guid":{"rendered":"https:\/\/labestiapolitica.com.mx\/?p=36084"},"modified":"2025-01-31T21:24:35","modified_gmt":"2025-02-01T03:24:35","slug":"sofocan-incendio-en-infonavit-tetla-solo-danos-materiales","status":"publish","type":"post","link":"https:\/\/labestiapolitica.com.mx\/?p=36084","title":{"rendered":"Sofocan incendio en Infonavit Tetla, solo da\u00f1os materiales"},"content":{"rendered":"<div class=\"flex-shrink-0 flex flex-col relative items-end\">\n<div>\n<div class=\"pt-0\">\n<div class=\"gizmo-bot-avatar flex h-8 w-8 items-center justify-center overflow-hidden rounded-full\">\n<div class=\"relative p-1 rounded-sm flex items-center justify-center bg-token-main-surface-primary text-token-text-primary h-8 w-8\"><\/div>\n<\/div>\n<\/div>\n<\/div>\n<\/div>\n<div class=\"group\/conversation-turn relative flex w-full min-w-0 flex-col agent-turn\">\n<div class=\"flex-col gap-1 md:gap-3\">\n<div class=\"flex max-w-full flex-col flex-grow\">\n<div class=\"min-h-8 text-message flex w-full flex-col items-end gap-2 whitespace-normal break-words text-start [.text-message+&amp;]:mt-5\" dir=\"auto\" data-message-author-role=\"assistant\" data-message-id=\"935d40ca-8fcd-4b51-8805-07252c352915\" data-message-model-slug=\"gpt-4o\">\n<div class=\"flex w-full flex-col gap-1 empty:hidden first:pt-[3px]\">\n<div class=\"markdown prose w-full break-words dark:prose-invert dark\">\n<p>La r\u00e1pida atenci\u00f3n de polic\u00eda municipal para apoyar en un incendio registrado en <strong>Plaza Resurgimiento, Edificio 10, Letra D<\/strong>, en el fraccionamiento <strong>Infonavit, Tetla, permiti\u00f3 su sofocaci\u00f3n.<\/strong><\/p>\n<p><strong>Bomberos trabajaron en el lugar<\/strong>, donde el departamento afectado estaba cerrado al momento del incidente. Afortunadamente, <strong>no se reportan personas heridas ni p\u00e9rdidas humanas<\/strong>, solo da\u00f1os materiales.<\/p>\n<p>\ud83d\udea8 <strong>Primeras versiones<\/strong> se\u00f1alan que el fuego pudo haber sido causado por una veladora encendida frente a una imagen religiosa. Las autoridades contin\u00faan con las labores de control y peritaje.<\/p>\n<\/div>\n<\/div>\n<\/div>\n<\/div>\n<\/div>\n<\/div>\n","protected":false},"excerpt":{"rendered":"<p>La r\u00e1pida atenci\u00f3n de polic\u00eda municipal para apoyar en un incendio registrado en Plaza Resurgimiento, Edificio 10, Letra D, en el fraccionamiento Infonavit, Tetla, permiti\u00f3 su sofocaci\u00f3n. Bomberos trabajaron en el lugar, donde el departamento afectado estaba cerrado al momento del incidente. Afortunadamente, no se reportan personas heridas ni p\u00e9rdidas humanas, solo da\u00f1os materiales. \ud83d\udea8 [&hellip;]<\/p>\n","protected":false},"author":3,"featured_media":36085,"comment_status":"open","ping_status":"open","sticky":false,"template":"","format":"standard","meta":{"footnotes":""},"categories":[12,216],"tags":[],"class_list":["post-36084","post","type-post","status-publish","format-standard","has-post-thumbnail","hentry","category-brujula-2026","category-municipios"],"amp_enabled":true,"_links":{"self":[{"href":"https:\/\/labestiapolitica.com.mx\/index.php?rest_route=\/wp\/v2\/posts\/36084","targetHints":{"allow":["GET"]}}],"collection":[{"href":"https:\/\/labestiapolitica.com.mx\/index.php?rest_route=\/wp\/v2\/posts"}],"about":[{"href":"https:\/\/labestiapolitica.com.mx\/index.php?rest_route=\/wp\/v2\/types\/post"}],"author":[{"embeddable":true,"href":"https:\/\/labestiapolitica.com.mx\/index.php?rest_route=\/wp\/v2\/users\/3"}],"replies":[{"embeddable":true,"href":"https:\/\/labestiapolitica.com.mx\/index.php?rest_route=%2Fwp%2Fv2%2Fcomments&post=36084"}],"version-history":[{"count":1,"href":"https:\/\/labestiapolitica.com.mx\/index.php?rest_route=\/wp\/v2\/posts\/36084\/revisions"}],"predecessor-version":[{"id":36086,"href":"https:\/\/labestiapolitica.com.mx\/index.php?rest_route=\/wp\/v2\/posts\/36084\/revisions\/36086"}],"wp:featuredmedia":[{"embeddable":true,"href":"https:\/\/labestiapolitica.com.mx\/index.php?rest_route=\/wp\/v2\/media\/36085"}],"wp:attachment":[{"href":"https:\/\/labestiapolitica.com.mx\/index.php?rest_route=%2Fwp%2Fv2%2Fmedia&parent=36084"}],"wp:term":[{"taxonomy":"category","embeddable":true,"href":"https:\/\/labestiapolitica.com.mx\/index.php?rest_route=%2Fwp%2Fv2%2Fcategories&post=36084"},{"taxonomy":"post_tag","embeddable":true,"href":"https:\/\/labestiapolitica.com.mx\/index.php?rest_route=%2Fwp%2Fv2%2Ftags&post=36084"}],"curies":[{"name":"wp","href":"https:\/\/api.w.org\/{rel}","templated":true}]}}