{"id":36096,"date":"2025-01-31T21:32:00","date_gmt":"2025-02-01T03:32:00","guid":{"rendered":"https:\/\/labestiapolitica.com.mx\/?p=36096"},"modified":"2025-01-31T22:05:18","modified_gmt":"2025-02-01T04:05:18","slug":"en-tetla-fortalecen-capacitacion-policial-en-seguridad-publica","status":"publish","type":"post","link":"https:\/\/labestiapolitica.com.mx\/?p=36096","title":{"rendered":"En Tetla fortalecen capacitaci\u00f3n policial en seguridad p\u00fablica"},"content":{"rendered":"<div class=\"flex-shrink-0 flex flex-col relative items-end\">\n<div>\n<div class=\"pt-0\">\n<div class=\"gizmo-bot-avatar flex h-8 w-8 items-center justify-center overflow-hidden rounded-full\">\n<div>\n<p style=\"text-align: justify;\" data-pm-slice=\"1 1 []\">Con el objetivo de garantizar la correcta preservaci\u00f3n de indicios y fortalecer las competencias del cuerpo policial, este d\u00eda se llev\u00f3 a cabo el <strong>Curso de Capacitaci\u00f3n sobre Cadena de Custodia y Embalaje<\/strong> en la <strong>Direcci\u00f3n de Seguridad P\u00fablica Municipal<\/strong> de Tetla de la Solidaridad.<\/p>\n<p style=\"text-align: justify;\">El evento cont\u00f3 con la presencia de autoridades clave en materia de seguridad y justicia, destacando la participaci\u00f3n del alcalde <strong>Giovani Montiel L\u00f3pez; <\/strong><strong>Comisario Margarito Castillo Ramos<\/strong>, titular de Seguridad P\u00fablica Municipal; el t<strong>itular de Servicios Periciales, <\/strong>el <strong>Coordinador de Zona del Ministerio P\u00fablico y <\/strong>\u2705 <strong>Cuatro Ministerios P\u00fablicos de Campo.<\/strong><\/p>\n<h3 style=\"text-align: justify;\">\ud83d\udcda \u00bfPor qu\u00e9 es importante esta capacitaci\u00f3n?<\/h3>\n<p style=\"text-align: justify;\">La <strong>cadena de custodia<\/strong> es un procedimiento esencial en la investigaci\u00f3n de delitos, ya que garantiza la correcta recolecci\u00f3n, manejo y resguardo de pruebas, evitando su alteraci\u00f3n o contaminaci\u00f3n. Este proceso es clave para asegurar la validez de los indicios en procedimientos judiciales y fortalecer el actuar policial con apego a la ley.<\/p>\n<p style=\"text-align: justify;\">Gracias a esta formaci\u00f3n, los elementos de seguridad municipal estar\u00e1n mejor preparados para <strong>actuar con mayor precisi\u00f3n, legalidad y profesionalismo<\/strong> en sus funciones diarias, lo que se traduce en una mayor eficiencia en la impartici\u00f3n de justicia y el combate a la impunidad.<\/p>\n<h3 style=\"text-align: justify;\">\ud83d\udc6e\u200d\u2640\ufe0f Compromiso con la seguridad y la justicia<\/h3>\n<p style=\"text-align: justify;\">Desde la <strong>administraci\u00f3n municipal<\/strong>, se reafirma el compromiso de impulsar la <strong>capacitaci\u00f3n continua<\/strong> de los elementos de seguridad, asegurando que su labor cumpla con los m\u00e1s altos est\u00e1ndares de calidad y respeto a los derechos ciudadanos. Estas acciones fortalecen la confianza de la poblaci\u00f3n en sus cuerpos de seguridad y contribuyen a la construcci\u00f3n de un entorno m\u00e1s seguro para todos.<\/p>\n<p style=\"text-align: justify;\">\ud83d\udcaa <strong>Un paso m\u00e1s hacia una seguridad p\u00fablica eficiente y confiable.<\/strong><\/p>\n<p style=\"text-align: justify;\">#GobiernoQueCumpleyGeneraBienestar \u2705<\/p>\n<p>&nbsp;<\/p>\n<\/div>\n<div><\/div>\n<\/div>\n<\/div>\n<\/div>\n<\/div>\n<div class=\"group\/conversation-turn relative flex w-full min-w-0 flex-col agent-turn\">\n<div class=\"flex-col gap-1 md:gap-3\">\n<div class=\"flex max-w-full flex-col flex-grow\">\n<div class=\"min-h-8 text-message flex w-full flex-col items-end gap-2 whitespace-normal break-words text-start [.text-message+&amp;]:mt-5\" dir=\"auto\" data-message-author-role=\"assistant\" data-message-id=\"7d942f1c-b14e-4f4d-9f7f-697c8ea12cc7\" data-message-model-slug=\"gpt-4o\">\n<div class=\"flex w-full flex-col gap-1 empty:hidden first:pt-[3px]\">\n<div class=\"markdown prose w-full break-words dark:prose-invert dark\">\n<p style=\"text-align: justify;\">\n<\/div>\n<\/div>\n<\/div>\n<\/div>\n<\/div>\n<\/div>\n","protected":false},"excerpt":{"rendered":"<p>Con el objetivo de garantizar la correcta preservaci\u00f3n de indicios y fortalecer las competencias del cuerpo policial, este d\u00eda se llev\u00f3 a cabo el Curso de Capacitaci\u00f3n sobre Cadena de Custodia y Embalaje en la Direcci\u00f3n de Seguridad P\u00fablica Municipal de Tetla de la Solidaridad. El evento cont\u00f3 con la presencia de autoridades clave en [&hellip;]<\/p>\n","protected":false},"author":3,"featured_media":36097,"comment_status":"open","ping_status":"open","sticky":false,"template":"","format":"standard","meta":{"footnotes":""},"categories":[12],"tags":[],"class_list":["post-36096","post","type-post","status-publish","format-standard","has-post-thumbnail","hentry","category-brujula-2026"],"amp_enabled":true,"_links":{"self":[{"href":"https:\/\/labestiapolitica.com.mx\/index.php?rest_route=\/wp\/v2\/posts\/36096","targetHints":{"allow":["GET"]}}],"collection":[{"href":"https:\/\/labestiapolitica.com.mx\/index.php?rest_route=\/wp\/v2\/posts"}],"about":[{"href":"https:\/\/labestiapolitica.com.mx\/index.php?rest_route=\/wp\/v2\/types\/post"}],"author":[{"embeddable":true,"href":"https:\/\/labestiapolitica.com.mx\/index.php?rest_route=\/wp\/v2\/users\/3"}],"replies":[{"embeddable":true,"href":"https:\/\/labestiapolitica.com.mx\/index.php?rest_route=%2Fwp%2Fv2%2Fcomments&post=36096"}],"version-history":[{"count":1,"href":"https:\/\/labestiapolitica.com.mx\/index.php?rest_route=\/wp\/v2\/posts\/36096\/revisions"}],"predecessor-version":[{"id":36098,"href":"https:\/\/labestiapolitica.com.mx\/index.php?rest_route=\/wp\/v2\/posts\/36096\/revisions\/36098"}],"wp:featuredmedia":[{"embeddable":true,"href":"https:\/\/labestiapolitica.com.mx\/index.php?rest_route=\/wp\/v2\/media\/36097"}],"wp:attachment":[{"href":"https:\/\/labestiapolitica.com.mx\/index.php?rest_route=%2Fwp%2Fv2%2Fmedia&parent=36096"}],"wp:term":[{"taxonomy":"category","embeddable":true,"href":"https:\/\/labestiapolitica.com.mx\/index.php?rest_route=%2Fwp%2Fv2%2Fcategories&post=36096"},{"taxonomy":"post_tag","embeddable":true,"href":"https:\/\/labestiapolitica.com.mx\/index.php?rest_route=%2Fwp%2Fv2%2Ftags&post=36096"}],"curies":[{"name":"wp","href":"https:\/\/api.w.org\/{rel}","templated":true}]}}