{"id":36108,"date":"2025-01-31T22:04:29","date_gmt":"2025-02-01T04:04:29","guid":{"rendered":"https:\/\/labestiapolitica.com.mx\/?p=36108"},"modified":"2025-02-03T16:00:17","modified_gmt":"2025-02-03T22:00:17","slug":"en-sedif-tlaxcala-mas-de-1400-ninas-y-ninos-han-transformado-su-futuro-con-becas-de-educacion-inicial-aqui-garantizamos-que-nuestras-ninas-y-ninos-tengan-un-inicio-solido-en-su-educacion-2","status":"publish","type":"post","link":"https:\/\/labestiapolitica.com.mx\/?p=36108","title":{"rendered":"En #SEDIF #Tlaxcala, m\u00e1s de 1,400 ni\u00f1as y ni\u00f1os han transformado su futuro con becas de educaci\u00f3n inicial. Aqu\u00ed, garantizamos que nuestras ni\u00f1as y ni\u00f1os tengan un inicio s\u00f3lido en su educaci\u00f3n."},"content":{"rendered":"<p style=\"font-weight: 400;\">@Mariana Espinosa de los Monteros Cu\u00e9llar, presidenta honor\u00edfica.<\/p>\n<p style=\"font-weight: 400;\">#3erInformeSEDIFTlaxcala \u00a0#TransformamosVidas<\/p>\n<p>&nbsp;<\/p>\n<p><img loading=\"lazy\" decoding=\"async\" class=\"alignnone size-full wp-image-36109\" src=\"https:\/\/labestiapolitica.com.mx\/wp-content\/uploads\/2025\/01\/mariana-.jpg\" alt=\"\" width=\"1000\" height=\"600\" srcset=\"https:\/\/labestiapolitica.com.mx\/wp-content\/uploads\/2025\/01\/mariana-.jpg 1000w, https:\/\/labestiapolitica.com.mx\/wp-content\/uploads\/2025\/01\/mariana--300x180.jpg 300w, https:\/\/labestiapolitica.com.mx\/wp-content\/uploads\/2025\/01\/mariana--768x461.jpg 768w\" sizes=\"auto, (max-width: 1000px) 100vw, 1000px\" \/><\/p>\n","protected":false},"excerpt":{"rendered":"<p>@Mariana Espinosa de los Monteros Cu\u00e9llar, presidenta honor\u00edfica. #3erInformeSEDIFTlaxcala \u00a0#TransformamosVidas &nbsp;<\/p>\n","protected":false},"author":3,"featured_media":36109,"comment_status":"open","ping_status":"open","sticky":false,"template":"","format":"standard","meta":{"footnotes":""},"categories":[10],"tags":[],"class_list":["post-36108","post","type-post","status-publish","format-standard","has-post-thumbnail","hentry","category-nacional-e-internacional"],"amp_enabled":true,"_links":{"self":[{"href":"https:\/\/labestiapolitica.com.mx\/index.php?rest_route=\/wp\/v2\/posts\/36108","targetHints":{"allow":["GET"]}}],"collection":[{"href":"https:\/\/labestiapolitica.com.mx\/index.php?rest_route=\/wp\/v2\/posts"}],"about":[{"href":"https:\/\/labestiapolitica.com.mx\/index.php?rest_route=\/wp\/v2\/types\/post"}],"author":[{"embeddable":true,"href":"https:\/\/labestiapolitica.com.mx\/index.php?rest_route=\/wp\/v2\/users\/3"}],"replies":[{"embeddable":true,"href":"https:\/\/labestiapolitica.com.mx\/index.php?rest_route=%2Fwp%2Fv2%2Fcomments&post=36108"}],"version-history":[{"count":2,"href":"https:\/\/labestiapolitica.com.mx\/index.php?rest_route=\/wp\/v2\/posts\/36108\/revisions"}],"predecessor-version":[{"id":36129,"href":"https:\/\/labestiapolitica.com.mx\/index.php?rest_route=\/wp\/v2\/posts\/36108\/revisions\/36129"}],"wp:featuredmedia":[{"embeddable":true,"href":"https:\/\/labestiapolitica.com.mx\/index.php?rest_route=\/wp\/v2\/media\/36109"}],"wp:attachment":[{"href":"https:\/\/labestiapolitica.com.mx\/index.php?rest_route=%2Fwp%2Fv2%2Fmedia&parent=36108"}],"wp:term":[{"taxonomy":"category","embeddable":true,"href":"https:\/\/labestiapolitica.com.mx\/index.php?rest_route=%2Fwp%2Fv2%2Fcategories&post=36108"},{"taxonomy":"post_tag","embeddable":true,"href":"https:\/\/labestiapolitica.com.mx\/index.php?rest_route=%2Fwp%2Fv2%2Ftags&post=36108"}],"curies":[{"name":"wp","href":"https:\/\/api.w.org\/{rel}","templated":true}]}}