{"id":36116,"date":"2025-02-02T16:18:10","date_gmt":"2025-02-02T22:18:10","guid":{"rendered":"https:\/\/labestiapolitica.com.mx\/?p=36116"},"modified":"2025-02-03T15:59:50","modified_gmt":"2025-02-03T21:59:50","slug":"conviven-cientos-de-familias-en-la-gran-tamaliza-convocada-por-chava-santos-en-huamantla","status":"publish","type":"post","link":"https:\/\/labestiapolitica.com.mx\/?p=36116","title":{"rendered":"Conviven cientos de familias en la gran tamaliza convocada por Chava Santos en huamantla"},"content":{"rendered":"<p style=\"text-align: justify;\">\u2022El Alcalde encabez\u00f3 la celebraci\u00f3n por el D\u00eda de la Candelaria este 2 de febrero<\/p>\n<p>Con una gran tamaliza que reuni\u00f3 cientos de familias, el Presidente Municipal de Huamantla, Salvador Santos Cedillo, encabez\u00f3 la celebraci\u00f3n del D\u00eda de la Candelaria este 2 de febrero.<\/p>\n<p>El Parque Ju\u00e1rez se convirti\u00f3 en el escenario perfecto para honrar esta tradici\u00f3n que cada a\u00f1o refuerza los lazos culturales de los huamantlecos y que es resultado del corte de Rosca de Reyes del pasado 6 de enero.<\/p>\n<p>En un ambiente lleno de alegr\u00eda y m\u00fasica, las familias disfrutaron de una feliz ma\u00f1ana, pues pudieron degustar de diversos tipos de tamales, desde los cl\u00e1sicos de dulce y de verde, hasta los exquisitos de rajas y los tradicionales tamales jarochos, que cocinaron tamaleros del municipio.<\/p>\n<p>Con la presencia de ni\u00f1os, j\u00f3venes y adultos, el parque se llen\u00f3 de risas, conversaciones y el aroma irresistible de esta delicia mexicana, elaborada a base de masa de ma\u00edz, relleno de diversos ingredientes y envueltos en hojas tambi\u00e9n de ma\u00edz.<\/p>\n<p>En su oportunidad, el Presidente Municipal destac\u00f3 la importancia de preservar y promover estas tradiciones que fortalecen el tejido social, pero sobre todo que unen a las familias del Pueblo M\u00e1gico.<\/p>\n<p>En esta celebraci\u00f3n, el Alcalde estuvo acompa\u00f1ado por la S\u00edndico Brizeyla Iveet Rodr\u00edguez L\u00f3pez, as\u00ed como por la Coordinadora de Desarrollo Econ\u00f3mico, Ana Caute Leal, adem\u00e1s de otros funcionarios municipales y regidores.<\/p>\n<p><img loading=\"lazy\" decoding=\"async\" class=\"alignnone size-full wp-image-36118\" src=\"https:\/\/labestiapolitica.com.mx\/wp-content\/uploads\/2025\/02\/chava2.jpg\" alt=\"\" width=\"1000\" height=\"600\" srcset=\"https:\/\/labestiapolitica.com.mx\/wp-content\/uploads\/2025\/02\/chava2.jpg 1000w, https:\/\/labestiapolitica.com.mx\/wp-content\/uploads\/2025\/02\/chava2-300x180.jpg 300w, https:\/\/labestiapolitica.com.mx\/wp-content\/uploads\/2025\/02\/chava2-768x461.jpg 768w\" sizes=\"auto, (max-width: 1000px) 100vw, 1000px\" \/><\/p>\n","protected":false},"excerpt":{"rendered":"<p>\u2022El Alcalde encabez\u00f3 la celebraci\u00f3n por el D\u00eda de la Candelaria este 2 de febrero Con una gran tamaliza que reuni\u00f3 cientos de familias, el Presidente Municipal de Huamantla, Salvador Santos Cedillo, encabez\u00f3 la celebraci\u00f3n del D\u00eda de la Candelaria este 2 de febrero. El Parque Ju\u00e1rez se convirti\u00f3 en el escenario perfecto para honrar [&hellip;]<\/p>\n","protected":false},"author":3,"featured_media":36117,"comment_status":"open","ping_status":"open","sticky":false,"template":"","format":"standard","meta":{"footnotes":""},"categories":[12,220,216],"tags":[],"class_list":["post-36116","post","type-post","status-publish","format-standard","has-post-thumbnail","hentry","category-brujula-2026","category-huamantla","category-municipios"],"amp_enabled":true,"_links":{"self":[{"href":"https:\/\/labestiapolitica.com.mx\/index.php?rest_route=\/wp\/v2\/posts\/36116","targetHints":{"allow":["GET"]}}],"collection":[{"href":"https:\/\/labestiapolitica.com.mx\/index.php?rest_route=\/wp\/v2\/posts"}],"about":[{"href":"https:\/\/labestiapolitica.com.mx\/index.php?rest_route=\/wp\/v2\/types\/post"}],"author":[{"embeddable":true,"href":"https:\/\/labestiapolitica.com.mx\/index.php?rest_route=\/wp\/v2\/users\/3"}],"replies":[{"embeddable":true,"href":"https:\/\/labestiapolitica.com.mx\/index.php?rest_route=%2Fwp%2Fv2%2Fcomments&post=36116"}],"version-history":[{"count":2,"href":"https:\/\/labestiapolitica.com.mx\/index.php?rest_route=\/wp\/v2\/posts\/36116\/revisions"}],"predecessor-version":[{"id":36128,"href":"https:\/\/labestiapolitica.com.mx\/index.php?rest_route=\/wp\/v2\/posts\/36116\/revisions\/36128"}],"wp:featuredmedia":[{"embeddable":true,"href":"https:\/\/labestiapolitica.com.mx\/index.php?rest_route=\/wp\/v2\/media\/36117"}],"wp:attachment":[{"href":"https:\/\/labestiapolitica.com.mx\/index.php?rest_route=%2Fwp%2Fv2%2Fmedia&parent=36116"}],"wp:term":[{"taxonomy":"category","embeddable":true,"href":"https:\/\/labestiapolitica.com.mx\/index.php?rest_route=%2Fwp%2Fv2%2Fcategories&post=36116"},{"taxonomy":"post_tag","embeddable":true,"href":"https:\/\/labestiapolitica.com.mx\/index.php?rest_route=%2Fwp%2Fv2%2Ftags&post=36116"}],"curies":[{"name":"wp","href":"https:\/\/api.w.org\/{rel}","templated":true}]}}