{"id":36124,"date":"2025-02-03T11:33:39","date_gmt":"2025-02-03T17:33:39","guid":{"rendered":"https:\/\/labestiapolitica.com.mx\/?p=36124"},"modified":"2025-02-03T11:33:48","modified_gmt":"2025-02-03T17:33:48","slug":"rechaza-anabell-avalos-reforma-al-infonavit-y-acusa-a-morena-de-afectar-a-los-trabajadores","status":"publish","type":"post","link":"https:\/\/labestiapolitica.com.mx\/?p=36124","title":{"rendered":"RECHAZA ANABELL AVALOS REFORMA AL INFONAVIT Y ACUSA A MORENA DE AFECTAR A LOS TRABAJADORES"},"content":{"rendered":"<p style=\"text-align: justify;\">Acus\u00f3 al oficialismo de aprovechar la crisis de aranceles para impulsar una reforma que lesiona los derechos laborales y el patrimonio de los ciudadanos.<br \/>\n* \u201cM\u00e9xico no merece lo que estamos viviendo\u201d, sentenci\u00f3.<\/p>\n<p style=\"text-align: justify;\">La senadora por Tlaxcala, Anabell \u00c1valos Zempoalteca, se pronunci\u00f3 en\u00e9rgicamente en contra de la reciente aprobaci\u00f3n de la reforma al Instituto del Fondo Nacional de la Vivienda para los Trabajadores (Infonavit), la cual, seg\u00fan sus declaraciones, representa un golpe directo a los ahorros de millones de trabajadores mexicanos.<\/p>\n<p style=\"text-align: justify;\">En un mensaje a trav\u00e9s de sus redes sociales, \u00c1valos Zempoalteca se\u00f1al\u00f3 directamente a Morena y sus aliados, as\u00ed como a Movimiento Ciudadano, por respaldar una iniciativa que implicar\u00e1 la p\u00e9rdida de m\u00e1s de dos billones de pesos en ahorros de los trabajadores, subrayando que dicha reforma compromete la estabilidad financiera de quienes han aportado durante a\u00f1os a su fondo de vivienda.<\/p>\n<p style=\"text-align: justify;\">La senadora del Partido Revolucionario Institucional (PRI) cuestion\u00f3 el papel de Movimiento Ciudadano en la pol\u00edtica nacional. \u201c\u00bfD\u00f3nde est\u00e1 Movimiento Ciudadano que se dec\u00eda, porque ya no puede decirlo, defensor del Pueblo?\u201d, sugiriendo que dicha bancada ha dejado de representar los intereses ciudadanos al alinearse con el oficialismo en decisiones cruciales.<\/p>\n<p style=\"text-align: justify;\">En ese sentido, \u00c1valos Zempoalteca enfatiz\u00f3 que el PRI se mantiene como la \u00fanica oposici\u00f3n real en el Congreso y asegur\u00f3 que su bancada seguir\u00e1 alzando la voz en defensa de los trabajadores. Adem\u00e1s, hizo un llamado a recuperar la seguridad, la econom\u00eda y la estabilidad del pa\u00eds, las cuales apunt\u00f3, han sido agravadas por las decisiones del actual gobierno.<\/p>\n<p style=\"text-align: justify;\">Finalmente, la legisladora tlaxcalteca reiter\u00f3 su compromiso con los ciudadanos y afirm\u00f3 que continuar\u00e1 denunciando cualquier medida que considere perjudicial para M\u00e9xico, al tiempo que exhort\u00f3 a la ciudadan\u00eda a exigir cuentas a sus representantes y a mantenerse informados sobre las reformas que impactan su bienestar.<\/p>\n","protected":false},"excerpt":{"rendered":"<p>Acus\u00f3 al oficialismo de aprovechar la crisis de aranceles para impulsar una reforma que lesiona los derechos laborales y el patrimonio de los ciudadanos. * \u201cM\u00e9xico no merece lo que estamos viviendo\u201d, sentenci\u00f3. La senadora por Tlaxcala, Anabell \u00c1valos Zempoalteca, se pronunci\u00f3 en\u00e9rgicamente en contra de la reciente aprobaci\u00f3n de la reforma al Instituto del [&hellip;]<\/p>\n","protected":false},"author":3,"featured_media":36125,"comment_status":"open","ping_status":"open","sticky":false,"template":"","format":"standard","meta":{"footnotes":""},"categories":[230],"tags":[],"class_list":["post-36124","post","type-post","status-publish","format-standard","has-post-thumbnail","hentry","category-senado-de-mexico"],"amp_enabled":true,"_links":{"self":[{"href":"https:\/\/labestiapolitica.com.mx\/index.php?rest_route=\/wp\/v2\/posts\/36124","targetHints":{"allow":["GET"]}}],"collection":[{"href":"https:\/\/labestiapolitica.com.mx\/index.php?rest_route=\/wp\/v2\/posts"}],"about":[{"href":"https:\/\/labestiapolitica.com.mx\/index.php?rest_route=\/wp\/v2\/types\/post"}],"author":[{"embeddable":true,"href":"https:\/\/labestiapolitica.com.mx\/index.php?rest_route=\/wp\/v2\/users\/3"}],"replies":[{"embeddable":true,"href":"https:\/\/labestiapolitica.com.mx\/index.php?rest_route=%2Fwp%2Fv2%2Fcomments&post=36124"}],"version-history":[{"count":2,"href":"https:\/\/labestiapolitica.com.mx\/index.php?rest_route=\/wp\/v2\/posts\/36124\/revisions"}],"predecessor-version":[{"id":36127,"href":"https:\/\/labestiapolitica.com.mx\/index.php?rest_route=\/wp\/v2\/posts\/36124\/revisions\/36127"}],"wp:featuredmedia":[{"embeddable":true,"href":"https:\/\/labestiapolitica.com.mx\/index.php?rest_route=\/wp\/v2\/media\/36125"}],"wp:attachment":[{"href":"https:\/\/labestiapolitica.com.mx\/index.php?rest_route=%2Fwp%2Fv2%2Fmedia&parent=36124"}],"wp:term":[{"taxonomy":"category","embeddable":true,"href":"https:\/\/labestiapolitica.com.mx\/index.php?rest_route=%2Fwp%2Fv2%2Fcategories&post=36124"},{"taxonomy":"post_tag","embeddable":true,"href":"https:\/\/labestiapolitica.com.mx\/index.php?rest_route=%2Fwp%2Fv2%2Ftags&post=36124"}],"curies":[{"name":"wp","href":"https:\/\/api.w.org\/{rel}","templated":true}]}}