{"id":36338,"date":"2025-02-05T16:39:28","date_gmt":"2025-02-05T22:39:28","guid":{"rendered":"https:\/\/labestiapolitica.com.mx\/?p=36338"},"modified":"2025-02-05T16:39:28","modified_gmt":"2025-02-05T22:39:28","slug":"asistio-gobernadora-a-ceremonia-de-la-conmemoracion-del-108-aniversario-de-la-promulgacion-de-la-constitucion-de-mexico","status":"publish","type":"post","link":"https:\/\/labestiapolitica.com.mx\/?p=36338","title":{"rendered":"Asisti\u00f3 Gobernadora a ceremonia de la conmemoraci\u00f3n del 108 Aniversario de la Promulgaci\u00f3n de la Constituci\u00f3n de M\u00e9xico."},"content":{"rendered":"<ul>\n<li style=\"text-align: justify;\">La mandataria se dijo orgullosa de acompa\u00f1ar a la presidenta Sheinbaum Pardo, en Quer\u00e9taro, junto a otros gobernadores y la jefa de gobierno<\/li>\n<\/ul>\n<p style=\"text-align: justify;\">Este mi\u00e9rcoles la gobernadora Lorena Cu\u00e9llar Cisneros acudi\u00f3 al estado de Quer\u00e9taro para acompa\u00f1ar a la presidenta de M\u00e9xico, Claudia Sheinbaum Pardo, en la conmemoraci\u00f3n del 108 aniversario de la promulgaci\u00f3n de la Constituci\u00f3n Pol\u00edtica de los Estados Unidos Mexicanos.<\/p>\n<p style=\"text-align: justify;\">\u201cEstamos muy orgullosos de acompa\u00f1ar a la presidenta Claudia Sheinbaum, adem\u00e1s de estar en un hermoso estado\u201d, coment\u00f3.<\/p>\n<p style=\"text-align: justify;\">Al evento, adem\u00e1s de Cu\u00e9llar Cisneros, estuvieron gobernadores de otros estados y la jefa de gobierno de la Ciudad de M\u00e9xico, quienes atendieron el mensaje de Sheinbaum Pardo sobre defender la Constituci\u00f3n, las libertades y a la patria, al se\u00f1alar: \u201cEn este 108 aniversario, queremos declarar, cualquier situaci\u00f3n que afecte a nuestra patria, se topar\u00e1n con un pueblo valiente. Estamos unidos en estos tiempos que nos ponen a prueba\u201d.<\/p>\n<p style=\"text-align: justify;\">En el teatro de la Rep\u00fablica, la presidenta de M\u00e9xico y comandanta suprema de las fuerzas armadas, Sheinbaum Pardo, asegur\u00f3 que es momento de recordar la historia, sobre todo en tiempos de amenazas, porque M\u00e9xico es libre, soberano e independiente.<\/p>\n<p style=\"text-align: justify;\">En el evento estuvo la titular la secretar\u00eda de Gobernaci\u00f3n, Rosa Icela Rodr\u00edguez Vel\u00e1zquez; el gobernador de Quer\u00e9taro, Mauricio Kuri; los titulares de las secretar\u00edas de la Defensa Nacional (Sedena), Ricardo Trevilla Trejo; de Marina (Semar), Raymundo Pedro Morales; de Bienestar, Ariadna Montiel Reyes; de Energ\u00eda, Luz Elena Gonz\u00e1lez, de Medio Ambiente y Recursos Naturales (Semarnat), Alicia B\u00e1rcena Ibarra, y la titular de la Consejer\u00eda Jur\u00eddica del Ejecutivo Federal, Ernestina Godoy Ramos.<\/p>\n<p style=\"text-align: justify;\">Adem\u00e1s, los presidentes de las mesas directivas del Senado y del Congreso de la Uni\u00f3n, Gerardo Fern\u00e1ndez Noro\u00f1a y Sergio Guti\u00e9rrez Luna, respectivamente, mandatarios de diferentes entidades, representantes del Poder Judicial, integrantes del gabinete federal, y del estado de Quer\u00e9taro.<\/p>\n<p>&nbsp;<\/p>\n<p><img loading=\"lazy\" decoding=\"async\" class=\"alignnone size-full wp-image-28405\" src=\"https:\/\/labestiapolitica.com.mx\/wp-content\/uploads\/2024\/06\/U-NOVA-y-se-diferente.png\" alt=\"\" width=\"1000\" height=\"600\" srcset=\"https:\/\/labestiapolitica.com.mx\/wp-content\/uploads\/2024\/06\/U-NOVA-y-se-diferente.png 1000w, https:\/\/labestiapolitica.com.mx\/wp-content\/uploads\/2024\/06\/U-NOVA-y-se-diferente-300x180.png 300w, https:\/\/labestiapolitica.com.mx\/wp-content\/uploads\/2024\/06\/U-NOVA-y-se-diferente-768x461.png 768w\" sizes=\"auto, (max-width: 1000px) 100vw, 1000px\" \/><\/p>\n","protected":false},"excerpt":{"rendered":"<p>La mandataria se dijo orgullosa de acompa\u00f1ar a la presidenta Sheinbaum Pardo, en Quer\u00e9taro, junto a otros gobernadores y la jefa de gobierno Este mi\u00e9rcoles la gobernadora Lorena Cu\u00e9llar Cisneros acudi\u00f3 al estado de Quer\u00e9taro para acompa\u00f1ar a la presidenta de M\u00e9xico, Claudia Sheinbaum Pardo, en la conmemoraci\u00f3n del 108 aniversario de la promulgaci\u00f3n de [&hellip;]<\/p>\n","protected":false},"author":3,"featured_media":36339,"comment_status":"open","ping_status":"open","sticky":false,"template":"","format":"standard","meta":{"footnotes":""},"categories":[7,236],"tags":[],"class_list":["post-36338","post","type-post","status-publish","format-standard","has-post-thumbnail","hentry","category-ciudadanos","category-gobierno-de-tlaxcala"],"amp_enabled":true,"_links":{"self":[{"href":"https:\/\/labestiapolitica.com.mx\/index.php?rest_route=\/wp\/v2\/posts\/36338","targetHints":{"allow":["GET"]}}],"collection":[{"href":"https:\/\/labestiapolitica.com.mx\/index.php?rest_route=\/wp\/v2\/posts"}],"about":[{"href":"https:\/\/labestiapolitica.com.mx\/index.php?rest_route=\/wp\/v2\/types\/post"}],"author":[{"embeddable":true,"href":"https:\/\/labestiapolitica.com.mx\/index.php?rest_route=\/wp\/v2\/users\/3"}],"replies":[{"embeddable":true,"href":"https:\/\/labestiapolitica.com.mx\/index.php?rest_route=%2Fwp%2Fv2%2Fcomments&post=36338"}],"version-history":[{"count":1,"href":"https:\/\/labestiapolitica.com.mx\/index.php?rest_route=\/wp\/v2\/posts\/36338\/revisions"}],"predecessor-version":[{"id":36340,"href":"https:\/\/labestiapolitica.com.mx\/index.php?rest_route=\/wp\/v2\/posts\/36338\/revisions\/36340"}],"wp:featuredmedia":[{"embeddable":true,"href":"https:\/\/labestiapolitica.com.mx\/index.php?rest_route=\/wp\/v2\/media\/36339"}],"wp:attachment":[{"href":"https:\/\/labestiapolitica.com.mx\/index.php?rest_route=%2Fwp%2Fv2%2Fmedia&parent=36338"}],"wp:term":[{"taxonomy":"category","embeddable":true,"href":"https:\/\/labestiapolitica.com.mx\/index.php?rest_route=%2Fwp%2Fv2%2Fcategories&post=36338"},{"taxonomy":"post_tag","embeddable":true,"href":"https:\/\/labestiapolitica.com.mx\/index.php?rest_route=%2Fwp%2Fv2%2Ftags&post=36338"}],"curies":[{"name":"wp","href":"https:\/\/api.w.org\/{rel}","templated":true}]}}