{"id":36341,"date":"2025-02-05T17:17:19","date_gmt":"2025-02-05T23:17:19","guid":{"rendered":"https:\/\/labestiapolitica.com.mx\/?p=36341"},"modified":"2025-02-05T17:18:09","modified_gmt":"2025-02-05T23:18:09","slug":"rector-de-la-uatx-da-bienvenida-a-estudiantes-de-movilidad-internacional-y-nacional","status":"publish","type":"post","link":"https:\/\/labestiapolitica.com.mx\/?p=36341","title":{"rendered":"Rector de la UATx da bienvenida a estudiantes de movilidad internacional y nacional."},"content":{"rendered":"<ul>\n<li style=\"text-align: justify;\">Provienen de Argentina, Colombia y del estado de Guerrero<\/li>\n<\/ul>\n<p style=\"text-align: justify;\">La migraci\u00f3n cient\u00edfica y acad\u00e9mica enriquece a los pueblos y significa una ventana al mundo, se\u00f1al\u00f3 el Doctor Seraf\u00edn Ortiz Ortiz, Rector de la Universidad Aut\u00f3noma de Tlaxcala (UATx), al dar la bienvenida a once estudiantes visitantes de movilidad nacional e internacional y a 35 educandos de modalidad virtual que cursar\u00e1n un semestre del periodo Primavera 2025 en las aulas de esta Casa de Estudios.<\/p>\n<p style=\"text-align: justify;\">Reunidos en la Sala de Juntas de Rector\u00eda, el Doctor Ortiz Ortiz conmin\u00f3 a los estudiantes a aprovechar al m\u00e1ximo su estancia en la UATx, a dedicar un buen tiempo al estudio, a leer y a prepararse profesionalmente, adem\u00e1s de conocer la cultura y la historia de esta tierra tlaxcalteca y a degustar su gastronom\u00eda.<\/p>\n<p style=\"text-align: justify;\">Indic\u00f3 que esta Instituci\u00f3n se encuentra en un posicionamiento in\u00e9dito, porque lidera la conducci\u00f3n de las pol\u00edticas p\u00fablicas republicanas en M\u00e9xico a trav\u00e9s del exrector de la UATx, Doctor Luis Armando Gonz\u00e1lez Placencia, Secretario General Ejecutivo de la Asociaci\u00f3n Nacional de Universidades e Instituciones de Educaci\u00f3n Superior.<\/p>\n<p style=\"text-align: justify;\">De igual forma, el Doctor Seraf\u00edn Ortiz enfatiz\u00f3 que en M\u00e9xico se vive un escenario transformador en la educaci\u00f3n a trav\u00e9s de la Nueva Escuela Mexicana que sienta las bases en los principios constitucionales a ra\u00edz de la reforma al art\u00edculo tercero en 2019, en el cual se establece la obligatoriedad de la educaci\u00f3n superior, trato igualitario, inclusi\u00f3n y excelencia educativa.<\/p>\n<p style=\"text-align: justify;\">Recalc\u00f3 que ante este panorama la UATx ha ampliado su oferta educativa al incluir seis nuevas licenciaturas, con lo cual se cuenta ahora con 46 programas educativos y una matr\u00edcula de 23 mil 770 estudiantes.<\/p>\n<p style=\"text-align: justify;\">Por su parte, el Maestro Antonio Durante Murillo, Jefe de la Unidad de Enlace Internacional, Vinculaci\u00f3n e Intercambio Acad\u00e9mico, sostuvo que durante su estancia los educandos fortalecer\u00e1n la formaci\u00f3n acad\u00e9mica que han recibido en las instituciones de donde provienen, porque en la Aut\u00f3noma de Tlaxcala cursar\u00e1n un semestre y se busca que su inserci\u00f3n al medio universitario sea de la mejor manera, para que aprovechen los diferentes espacios institucionales.<\/p>\n<p style=\"text-align: justify;\">Para este periodo de primavera 2025 se incorporan a las aulas de la UATx diez estudiantes de movilidad internacional provenientes de Colombia y Argentina, quienes cursar\u00e1n un semestre en las facultades de Ciencias Econ\u00f3mico Administrativas, Dise\u00f1o, Arte y Arquitectura; Agrobiolog\u00eda, Ciencias B\u00e1sicas, Ingenier\u00eda y Tecnolog\u00eda; Filosof\u00eda y Letras, Ciencias para el Desarrollo Humano, y Ciencias de la Salud.<\/p>\n<p style=\"text-align: justify;\">Las instituciones de origen son Universidad El Bosque, Universidad ECCI, Universidad del Quind\u00edo, Universidad Tecnol\u00f3gica de Pereira, Universidad Nacional de San Juan, Universidad Provincial de C\u00f3rdoba y Universidad Pedag\u00f3gica y Tecnol\u00f3gica.<\/p>\n<p style=\"text-align: justify;\">Por lo que respecta a la movilidad nacional, se recibi\u00f3 a un estudiante de la Universidad Aut\u00f3noma de Guerrero que se incorpora a la Facultad de Agrobiolog\u00eda.<\/p>\n<p>&nbsp;<\/p>\n<p><img loading=\"lazy\" decoding=\"async\" class=\"alignnone size-full wp-image-28405\" src=\"https:\/\/labestiapolitica.com.mx\/wp-content\/uploads\/2024\/06\/U-NOVA-y-se-diferente.png\" alt=\"\" width=\"1000\" height=\"600\" srcset=\"https:\/\/labestiapolitica.com.mx\/wp-content\/uploads\/2024\/06\/U-NOVA-y-se-diferente.png 1000w, https:\/\/labestiapolitica.com.mx\/wp-content\/uploads\/2024\/06\/U-NOVA-y-se-diferente-300x180.png 300w, https:\/\/labestiapolitica.com.mx\/wp-content\/uploads\/2024\/06\/U-NOVA-y-se-diferente-768x461.png 768w\" sizes=\"auto, (max-width: 1000px) 100vw, 1000px\" \/><\/p>\n","protected":false},"excerpt":{"rendered":"<p>Provienen de Argentina, Colombia y del estado de Guerrero La migraci\u00f3n cient\u00edfica y acad\u00e9mica enriquece a los pueblos y significa una ventana al mundo, se\u00f1al\u00f3 el Doctor Seraf\u00edn Ortiz Ortiz, Rector de la Universidad Aut\u00f3noma de Tlaxcala (UATx), al dar la bienvenida a once estudiantes visitantes de movilidad nacional e internacional y a 35 educandos [&hellip;]<\/p>\n","protected":false},"author":3,"featured_media":36345,"comment_status":"open","ping_status":"open","sticky":false,"template":"","format":"standard","meta":{"footnotes":""},"categories":[7],"tags":[],"class_list":["post-36341","post","type-post","status-publish","format-standard","has-post-thumbnail","hentry","category-ciudadanos"],"amp_enabled":true,"_links":{"self":[{"href":"https:\/\/labestiapolitica.com.mx\/index.php?rest_route=\/wp\/v2\/posts\/36341","targetHints":{"allow":["GET"]}}],"collection":[{"href":"https:\/\/labestiapolitica.com.mx\/index.php?rest_route=\/wp\/v2\/posts"}],"about":[{"href":"https:\/\/labestiapolitica.com.mx\/index.php?rest_route=\/wp\/v2\/types\/post"}],"author":[{"embeddable":true,"href":"https:\/\/labestiapolitica.com.mx\/index.php?rest_route=\/wp\/v2\/users\/3"}],"replies":[{"embeddable":true,"href":"https:\/\/labestiapolitica.com.mx\/index.php?rest_route=%2Fwp%2Fv2%2Fcomments&post=36341"}],"version-history":[{"count":1,"href":"https:\/\/labestiapolitica.com.mx\/index.php?rest_route=\/wp\/v2\/posts\/36341\/revisions"}],"predecessor-version":[{"id":36346,"href":"https:\/\/labestiapolitica.com.mx\/index.php?rest_route=\/wp\/v2\/posts\/36341\/revisions\/36346"}],"wp:featuredmedia":[{"embeddable":true,"href":"https:\/\/labestiapolitica.com.mx\/index.php?rest_route=\/wp\/v2\/media\/36345"}],"wp:attachment":[{"href":"https:\/\/labestiapolitica.com.mx\/index.php?rest_route=%2Fwp%2Fv2%2Fmedia&parent=36341"}],"wp:term":[{"taxonomy":"category","embeddable":true,"href":"https:\/\/labestiapolitica.com.mx\/index.php?rest_route=%2Fwp%2Fv2%2Fcategories&post=36341"},{"taxonomy":"post_tag","embeddable":true,"href":"https:\/\/labestiapolitica.com.mx\/index.php?rest_route=%2Fwp%2Fv2%2Ftags&post=36341"}],"curies":[{"name":"wp","href":"https:\/\/api.w.org\/{rel}","templated":true}]}}