{"id":36347,"date":"2025-02-05T17:39:22","date_gmt":"2025-02-05T23:39:22","guid":{"rendered":"https:\/\/labestiapolitica.com.mx\/?p=36347"},"modified":"2025-02-05T17:39:22","modified_gmt":"2025-02-05T23:39:22","slug":"se-reune-presidente-del-ite-con-la-secretaria-ejecutiva-del-ine-para-dar-seguimiento-a-eleccion","status":"publish","type":"post","link":"https:\/\/labestiapolitica.com.mx\/?p=36347","title":{"rendered":"Se re\u00fane presidente del ITE con la secretaria ejecutiva del INE para dar seguimiento a elecci\u00f3n."},"content":{"rendered":"<ul>\n<li style=\"text-align: justify;\">Las autoridades electorales acordaron la preparaci\u00f3n de la documentaci\u00f3n electoral, la integraci\u00f3n de consejos, etc.<\/li>\n<\/ul>\n<p style=\"text-align: justify;\">Este mi\u00e9rcoles, el Consejero Presidente del Instituto Tlaxcalteca de Elecciones (ITE), Emmanuel \u00c1vila Gonz\u00e1lez, se reuni\u00f3 con la Secretaria Ejecutiva del Instituto Nacional Electoral (INE), Claudia Arlett Espino, y con el Vocal Ejecutivo de esa autoridad en Tlaxcala, Jes\u00fas Lule Ortega, en seguimiento al Proceso Electoral Local Extraordinario para renovar cargos del Poder Judicial y de los tribunales de Justicia Administrativa y de Conciliaci\u00f3n y Arbitraje 2024-2025.<\/p>\n<p style=\"text-align: justify;\">De frente a estos comicios in\u00e9ditos, cuya jornada electoral ser\u00e1 el 01 de junio de 2025, las autoridades electorales revisaron los avances en esta etapa de preparaci\u00f3n, as\u00ed como las bases del trabajo conjunto que quedar\u00e1n definidas en el convenio de coordinaci\u00f3n que signar\u00e1n las representaciones locales de estas autoridades con la Presidenta del INE, Guadalupe Taddei Zavala, en los pr\u00f3ximos d\u00edas.<\/p>\n<p style=\"text-align: justify;\">En esta reuni\u00f3n se abordaron temas como los mecanismos a implementar para la integraci\u00f3n de consejos; la emisi\u00f3n de la convocatoria para personas capacitadoras asistentes electorales; las fechas para recibir la lista de las personas candidatas; y el dise\u00f1o de la documentaci\u00f3n electoral, entre otros.<\/p>\n<p style=\"text-align: justify;\">De esta manera, se fortalece el trabajo colaborativo con el Instituto Nacional Electoral para garantizar una efectiva organizaci\u00f3n en la elecci\u00f3n y mantener a Tlaxcala en los primeros lugares de participaci\u00f3n ciudadana en la jornada electoral.<\/p>\n<p style=\"text-align: justify;\">En esta reuni\u00f3n se abordaron temas como los mecanismos a implementar para la integraci\u00f3n de consejos; la emisi\u00f3n de la convocatoria para personas capacitadoras asistentes electorales; las fechas para recibir la lista de las personas candidatas; y el dise\u00f1o de la documentaci\u00f3n electoral, entre otros.<\/p>\n<p style=\"text-align: justify;\">De esta manera, se fortalece el trabajo colaborativo con el Instituto Nacional Electoral para garantizar una efectiva organizaci\u00f3n en la elecci\u00f3n y mantener a Tlaxcala en los primeros lugares de participaci\u00f3n ciudadana en la jornada electoral.<\/p>\n<p>&nbsp;<\/p>\n<p><img loading=\"lazy\" decoding=\"async\" class=\"alignnone size-full wp-image-28405\" src=\"https:\/\/labestiapolitica.com.mx\/wp-content\/uploads\/2024\/06\/U-NOVA-y-se-diferente.png\" alt=\"\" width=\"1000\" height=\"600\" srcset=\"https:\/\/labestiapolitica.com.mx\/wp-content\/uploads\/2024\/06\/U-NOVA-y-se-diferente.png 1000w, https:\/\/labestiapolitica.com.mx\/wp-content\/uploads\/2024\/06\/U-NOVA-y-se-diferente-300x180.png 300w, https:\/\/labestiapolitica.com.mx\/wp-content\/uploads\/2024\/06\/U-NOVA-y-se-diferente-768x461.png 768w\" sizes=\"auto, (max-width: 1000px) 100vw, 1000px\" \/><\/p>\n","protected":false},"excerpt":{"rendered":"<p>Las autoridades electorales acordaron la preparaci\u00f3n de la documentaci\u00f3n electoral, la integraci\u00f3n de consejos, etc. Este mi\u00e9rcoles, el Consejero Presidente del Instituto Tlaxcalteca de Elecciones (ITE), Emmanuel \u00c1vila Gonz\u00e1lez, se reuni\u00f3 con la Secretaria Ejecutiva del Instituto Nacional Electoral (INE), Claudia Arlett Espino, y con el Vocal Ejecutivo de esa autoridad en Tlaxcala, Jes\u00fas Lule [&hellip;]<\/p>\n","protected":false},"author":3,"featured_media":36348,"comment_status":"open","ping_status":"open","sticky":false,"template":"","format":"standard","meta":{"footnotes":""},"categories":[7],"tags":[],"class_list":["post-36347","post","type-post","status-publish","format-standard","has-post-thumbnail","hentry","category-ciudadanos"],"amp_enabled":true,"_links":{"self":[{"href":"https:\/\/labestiapolitica.com.mx\/index.php?rest_route=\/wp\/v2\/posts\/36347","targetHints":{"allow":["GET"]}}],"collection":[{"href":"https:\/\/labestiapolitica.com.mx\/index.php?rest_route=\/wp\/v2\/posts"}],"about":[{"href":"https:\/\/labestiapolitica.com.mx\/index.php?rest_route=\/wp\/v2\/types\/post"}],"author":[{"embeddable":true,"href":"https:\/\/labestiapolitica.com.mx\/index.php?rest_route=\/wp\/v2\/users\/3"}],"replies":[{"embeddable":true,"href":"https:\/\/labestiapolitica.com.mx\/index.php?rest_route=%2Fwp%2Fv2%2Fcomments&post=36347"}],"version-history":[{"count":1,"href":"https:\/\/labestiapolitica.com.mx\/index.php?rest_route=\/wp\/v2\/posts\/36347\/revisions"}],"predecessor-version":[{"id":36349,"href":"https:\/\/labestiapolitica.com.mx\/index.php?rest_route=\/wp\/v2\/posts\/36347\/revisions\/36349"}],"wp:featuredmedia":[{"embeddable":true,"href":"https:\/\/labestiapolitica.com.mx\/index.php?rest_route=\/wp\/v2\/media\/36348"}],"wp:attachment":[{"href":"https:\/\/labestiapolitica.com.mx\/index.php?rest_route=%2Fwp%2Fv2%2Fmedia&parent=36347"}],"wp:term":[{"taxonomy":"category","embeddable":true,"href":"https:\/\/labestiapolitica.com.mx\/index.php?rest_route=%2Fwp%2Fv2%2Fcategories&post=36347"},{"taxonomy":"post_tag","embeddable":true,"href":"https:\/\/labestiapolitica.com.mx\/index.php?rest_route=%2Fwp%2Fv2%2Ftags&post=36347"}],"curies":[{"name":"wp","href":"https:\/\/api.w.org\/{rel}","templated":true}]}}