{"id":36420,"date":"2025-02-06T21:48:17","date_gmt":"2025-02-07T03:48:17","guid":{"rendered":"https:\/\/labestiapolitica.com.mx\/?p=36420"},"modified":"2025-02-06T21:48:17","modified_gmt":"2025-02-07T03:48:17","slug":"presenta-diputada-sandra-aguilar-iniciativa-de-reforma-a-la-ley-local-de-salud-mental-y-del-comportamiento-adictivo","status":"publish","type":"post","link":"https:\/\/labestiapolitica.com.mx\/?p=36420","title":{"rendered":"Presenta diputada Sandra Aguilar, iniciativa de reforma a la Ley local de Salud Mental y del Comportamiento Adictivo"},"content":{"rendered":"<p style=\"text-align: justify;\">La diputada Sandra Guadalupe Aguilar Vega, present\u00f3 ante el Pleno del Congreso la Iniciativa con Proyecto de Decreto por la que se reforman y adicionan diversas disposiciones de la Ley de Salud Mental y del Comportamiento Adictivo del Estado de Tlaxcala en materia de reconocimiento de la salud mental como un derecho humano y la obligaci\u00f3n de garantizar su protecci\u00f3n en la legislaci\u00f3n estatal.<\/p>\n<p style=\"text-align: justify;\">\n<p style=\"text-align: justify;\">La legisladora destac\u00f3 que la salud mental es un derecho humano fundamental que debe garantizarse con acceso a servicios dignos y de calidad, as\u00ed como con mecanismos de prevenci\u00f3n y atenci\u00f3n especializada. Se\u00f1al\u00f3 que a nivel global, una de cada ocho personas enfrenta problemas de salud mental, lo que impacta su bienestar, sus relaciones interpersonales y su estabilidad econ\u00f3mica.<\/p>\n<p style=\"text-align: justify;\">\n<p style=\"text-align: justify;\">En el caso de Tlaxcala, expuso que la entidad enfrenta un d\u00e9ficit de infraestructura y personal especializado, pues hasta 2022 s\u00f3lo contaba con un Centro Integral de Salud Mental (CISAME), cuatro Centros de Atenci\u00f3n Primaria en Adicciones (CAPA) y dos especialistas en psiquiatr\u00eda, lo que limita la cobertura de estos servicios.<\/p>\n<p style=\"text-align: justify;\">\n<p style=\"text-align: justify;\">Esta Iniciativa establece la necesidad de atenci\u00f3n diferenciada para ni\u00f1os, adolescentes, j\u00f3venes y grupos prioritarios, as\u00ed como la asignaci\u00f3n de recursos presupuestales adecuados para fortalecer la prevenci\u00f3n y atenci\u00f3n en este \u00e1mbito, adem\u00e1s se propone ampliar la cobertura en situaciones de emergencia sanitaria y desastres naturales, para una respuesta m\u00e1s eficiente ante crisis, e incorporar a la Secretar\u00eda de Educaci\u00f3n y a la de Cultura F\u00edsica y Deporte en estrategias de prevenci\u00f3n y promoci\u00f3n de la salud mental.<\/p>\n<p style=\"text-align: justify;\">\n<p style=\"text-align: justify;\">Asimismo, se busca la participaci\u00f3n de los ayuntamientos y de instituciones de educaci\u00f3n superior en la detecci\u00f3n y prevenci\u00f3n temprana de trastornos mentales, as\u00ed como la labor de fomentar la colaboraci\u00f3n con organizaciones de la sociedad civil para fortalecer la atenci\u00f3n y el apoyo a personas con problemas de salud mental.<\/p>\n<p style=\"text-align: justify;\">\n<p style=\"text-align: justify;\">Tras su presentaci\u00f3n, esta \u00a0iniciativa fue turnada a las Comisiones de Salud y de Puntos Constitucionales, Gobernaci\u00f3n y Justicia y Asuntos Pol\u00edticos para su estudio, an\u00e1lisis y dictaminaci\u00f3n correspondiente.<\/p>\n","protected":false},"excerpt":{"rendered":"<p>La diputada Sandra Guadalupe Aguilar Vega, present\u00f3 ante el Pleno del Congreso la Iniciativa con Proyecto de Decreto por la que se reforman y adicionan diversas disposiciones de la Ley de Salud Mental y del Comportamiento Adictivo del Estado de Tlaxcala en materia de reconocimiento de la salud mental como un derecho humano y la [&hellip;]<\/p>\n","protected":false},"author":3,"featured_media":36421,"comment_status":"open","ping_status":"open","sticky":false,"template":"","format":"standard","meta":{"footnotes":""},"categories":[12],"tags":[],"class_list":["post-36420","post","type-post","status-publish","format-standard","has-post-thumbnail","hentry","category-brujula-2026"],"amp_enabled":true,"_links":{"self":[{"href":"https:\/\/labestiapolitica.com.mx\/index.php?rest_route=\/wp\/v2\/posts\/36420","targetHints":{"allow":["GET"]}}],"collection":[{"href":"https:\/\/labestiapolitica.com.mx\/index.php?rest_route=\/wp\/v2\/posts"}],"about":[{"href":"https:\/\/labestiapolitica.com.mx\/index.php?rest_route=\/wp\/v2\/types\/post"}],"author":[{"embeddable":true,"href":"https:\/\/labestiapolitica.com.mx\/index.php?rest_route=\/wp\/v2\/users\/3"}],"replies":[{"embeddable":true,"href":"https:\/\/labestiapolitica.com.mx\/index.php?rest_route=%2Fwp%2Fv2%2Fcomments&post=36420"}],"version-history":[{"count":1,"href":"https:\/\/labestiapolitica.com.mx\/index.php?rest_route=\/wp\/v2\/posts\/36420\/revisions"}],"predecessor-version":[{"id":36422,"href":"https:\/\/labestiapolitica.com.mx\/index.php?rest_route=\/wp\/v2\/posts\/36420\/revisions\/36422"}],"wp:featuredmedia":[{"embeddable":true,"href":"https:\/\/labestiapolitica.com.mx\/index.php?rest_route=\/wp\/v2\/media\/36421"}],"wp:attachment":[{"href":"https:\/\/labestiapolitica.com.mx\/index.php?rest_route=%2Fwp%2Fv2%2Fmedia&parent=36420"}],"wp:term":[{"taxonomy":"category","embeddable":true,"href":"https:\/\/labestiapolitica.com.mx\/index.php?rest_route=%2Fwp%2Fv2%2Fcategories&post=36420"},{"taxonomy":"post_tag","embeddable":true,"href":"https:\/\/labestiapolitica.com.mx\/index.php?rest_route=%2Fwp%2Fv2%2Ftags&post=36420"}],"curies":[{"name":"wp","href":"https:\/\/api.w.org\/{rel}","templated":true}]}}