{"id":36429,"date":"2025-02-06T22:09:58","date_gmt":"2025-02-07T04:09:58","guid":{"rendered":"https:\/\/labestiapolitica.com.mx\/?p=36429"},"modified":"2025-02-09T18:31:45","modified_gmt":"2025-02-10T00:31:45","slug":"ponemos-a-las-personas-en-el-centro-de-nuestras-acciones-para-transformar-tlaxcala-sedif","status":"publish","type":"post","link":"https:\/\/labestiapolitica.com.mx\/?p=36429","title":{"rendered":"\u201cPonemos a las personas en el centro de nuestras acciones para transformar Tlaxcala\u201d: Sedif"},"content":{"rendered":"<p><img loading=\"lazy\" decoding=\"async\" class=\"alignnone size-full wp-image-36431\" src=\"https:\/\/labestiapolitica.com.mx\/wp-content\/uploads\/2025\/02\/nlorenba-.jpg\" alt=\"\" width=\"1000\" height=\"600\" srcset=\"https:\/\/labestiapolitica.com.mx\/wp-content\/uploads\/2025\/02\/nlorenba-.jpg 1000w, https:\/\/labestiapolitica.com.mx\/wp-content\/uploads\/2025\/02\/nlorenba--300x180.jpg 300w, https:\/\/labestiapolitica.com.mx\/wp-content\/uploads\/2025\/02\/nlorenba--768x461.jpg 768w\" sizes=\"auto, (max-width: 1000px) 100vw, 1000px\" \/> <img loading=\"lazy\" decoding=\"async\" class=\"alignnone size-full wp-image-36432\" src=\"https:\/\/labestiapolitica.com.mx\/wp-content\/uploads\/2025\/02\/mariana1.jpg\" alt=\"\" width=\"1000\" height=\"600\" srcset=\"https:\/\/labestiapolitica.com.mx\/wp-content\/uploads\/2025\/02\/mariana1.jpg 1000w, https:\/\/labestiapolitica.com.mx\/wp-content\/uploads\/2025\/02\/mariana1-300x180.jpg 300w, https:\/\/labestiapolitica.com.mx\/wp-content\/uploads\/2025\/02\/mariana1-768x461.jpg 768w\" sizes=\"auto, (max-width: 1000px) 100vw, 1000px\" \/><\/p>\n<p>&nbsp;<\/p>\n<p style=\"text-align: justify;\">En el Centro Cultural Universitario de Tlaxcala, la presidenta honor\u00edfica del organismo, Mariana Espinosa de los Monteros, present\u00f3 su Tercer Informe de Actividades<\/p>\n<p style=\"text-align: justify;\">La entrega de m\u00e1s de 43 millones de desayunos a menores en edad escolar, el otorgamiento de m\u00e1s de 700 mil servicios especializados a personas con discapacidad, y la realizaci\u00f3n de 100 mil valoraciones optom\u00e9tricas, as\u00ed como los beneficios de las Jornadas de Salud para m\u00e1s de 42 mil personas, m\u00e1s de 11 mil atenciones en defensa de los derechos de la ni\u00f1ez, y el apoyo a mil 800 mujeres jefas de familia para equipar sus negocios, son algunos de los resultados que, en los \u00faltimos tres a\u00f1os, ha alcanzado el Sistema Estatal para el Desarrollo Integral de la Familia (Sedif), cuya labor ha impactado a 600 mil vidas a trav\u00e9s de m\u00e1s de 50 programas de apoyo dirigidos a grupos vulnerables de la sociedad.<\/p>\n<p style=\"text-align: justify;\">\u201cCuando trabajamos en equipo no solo impulsamos proyectos, transformamos vidas y construimos sue\u00f1os\u201d, sostuvo la presidenta honor\u00edfica del organismo, Mariana Espinosa de los Monteros Cu\u00e9llar, al emitir un mensaje con motivo del Tercer Informe de Actividades del Sedif, que se llev\u00f3 a cabo en el Centro Cultural Universitario, en el que enfatiz\u00f3 que, al poner a las personas en el centro de las acciones institucionales se transforma Tlaxcala.<\/p>\n<p style=\"text-align: justify;\">En presencia de la gobernadora Lorena Cu\u00e9llar Cisneros; la titular del Sistema Nacional DIF, Roc\u00edo Garc\u00eda P\u00e9rez; la presidenta de la Mesa Directiva del Congreso local, Reyna Flor B\u00e1ez; la titular del Poder Judicial, Anel Ba\u00f1uelos, as\u00ed como legisladores, magistrados, presidentes municipales, presidentas de los sistemas municipales DIF, y funcionarios estatales, Espinosa de los Monteros Cu\u00e9llar manifest\u00f3 que, en estos tres a\u00f1os, el Sedif ha cumplido la misi\u00f3n de servir con el coraz\u00f3n, mediante el fortalecimiento de sus capacidades institucionales, la consolidaci\u00f3n de programas y la ampliaci\u00f3n de su alcance, para transformar la atenci\u00f3n en favor de las familias tlaxcaltecas.<\/p>\n<p style=\"text-align: justify;\">Al respecto, indic\u00f3 que Tlaxcala se ha consolidado como una de las primeras entidades en lograr la gratuidad en todos los programas de alimentaci\u00f3n, al eliminar las cuotas de recuperaci\u00f3n, y que, con el trabajo coordinado con la Secretar\u00eda de Bienestar estatal y la Secretar\u00eda de Impulso Agropecuario, es hoy el segundo estado con mayores resultados en la lucha contra la pobreza alimentaria.<\/p>\n<p style=\"text-align: justify;\">Resalt\u00f3 la entrega de m\u00e1s de 43 millones de desayunos escolares, en modalidad fr\u00eda y caliente, en favor de 98 mil estudiantes; el equipamiento de 20 comedores escolares, para alcanzar un total de 305 espacios fortalecidos en los \u00faltimos tres a\u00f1os; y el apoyo directo a m\u00e1s de 37 mil familias en situaci\u00f3n de vulnerabilidad, a trav\u00e9s de la entrega de m\u00e1s de 420 mil despensas.<\/p>\n<p style=\"text-align: justify;\">En tres a\u00f1os, dijo, se ha realizado un seguimiento cl\u00ednico y nutricional a m\u00e1s de 13 mil infantes menores de 10 a\u00f1os en situaci\u00f3n vulnerable, y siguiendo esta buena pr\u00e1ctica, en 2025, se trabajar\u00e1 en la \u201cEstrategia Nacional de Vida Saludable\u201d, que impulsa la presidenta Claudia Sheinbaum, en coordinaci\u00f3n con los sectores educativo y de salud, para realizar valoraciones al 100% de los estudiantes de nivel b\u00e1sico.<\/p>\n<p style=\"text-align: justify;\">Por otra parte, mediante el Programa de Salud y Desarrollo Comunitario, inform\u00f3 que ya se cuenta con 17 grupos de desarrollo comunitario, en los que las personas descubren sus fortalezas, se organizan y emprenden proyectos que cambian su entorno y su calidad de vida; y que, con las Jornadas de Salud en Unidades M\u00f3viles, se ha beneficiado con consultas gratuitas a m\u00e1s de 42 mil personas de todas las edades.<\/p>\n<p style=\"text-align: justify;\">Asimismo, a trav\u00e9s del Programa Atenci\u00f3n Visual, en tres a\u00f1os, se han realizado 100 mil valoraciones optom\u00e9tricas, entregando 60 mil lentes graduados a ni\u00f1as y ni\u00f1os de nivel primaria. Y gracias a la gesti\u00f3n de la Primera Macro Jornada de Lentes Reacondicionados, en colaboraci\u00f3n con organizaciones como Notros Servimos, Club de Leones Internacional y Fundaci\u00f3n Delia Iniestra, m\u00e1s de 13 mil personas accedieron a lentes que los ayudan en su vida diaria.<\/p>\n<p style=\"text-align: justify;\">Como parte de la estrategia para reducir los \u00edndices de insuficiencia renal en Tlaxcala, la presidenta honor\u00edfica del Sedif destac\u00f3 la implementaci\u00f3n del Observatorio de Enfermedades Renales, enfocado en la detecci\u00f3n temprana y prevenci\u00f3n entre la poblaci\u00f3n joven, as\u00ed como la realizaci\u00f3n de m\u00e1s de 34 mil ex\u00e1menes de laboratorio cl\u00ednico a estudiantes de nivel medio superior para detectar factores de riesgo.<\/p>\n<p style=\"text-align: justify;\">Adem\u00e1s, mencion\u00f3 que se ha impulsado la detecci\u00f3n temprana de c\u00e1ncer de mama, con el apoyo de la Secretar\u00eda de Salud del Estado, con la que se coordinan estudios de mastograf\u00eda, al igual que la ya ic\u00f3nica Caminata Rosa, para consolidar una cultura de la prevenci\u00f3n, haciendo de Tlaxcala el segundo estado del pa\u00eds con menor tasa de fallecimiento por esta enfermedad.<\/p>\n<p style=\"text-align: justify;\">Record\u00f3 que, en 2023, se dio un paso de empat\u00eda hacia la creaci\u00f3n de un sistema de cuidados, al entregar sillones cama, asegurando que el 100% de las camas censables en unidades hospitalarias estuvieran atendidas, y que, en colaboraci\u00f3n con el gobierno estatal, no solo se abri\u00f3 la Casa Hospitales, que ofrece un espacio digno a quienes cuidan a pacientes hospitalizados, sino que se cre\u00f3 la Cl\u00ednica de las Emociones, con un modelo innovador, donde 20 mil personas han recibido atenci\u00f3n gratuita especializada para atender casos de depresi\u00f3n, ansiedad, estr\u00e9s o adicciones.<\/p>\n<p style=\"text-align: justify;\">En sinton\u00eda con ello, y dada su importancia, anunci\u00f3 la construcci\u00f3n de 37 cl\u00ednicas de las emociones municipales.<br \/>\nAl hablar de las estrategias dise\u00f1adas en favor de las mujeres, Mariana Espinosa de los Monteros asever\u00f3 que, a trav\u00e9s del Programa Apoyo a Mujeres Jefas de Familia, se ha entregado equipamiento para los negocios de mil 800 mujeres en los \u00faltimos tres a\u00f1os, y en una alianza sin precedentes, el Sedif y Ferrer M\u00e9xico llevaron a cabo la Jornada de Capacitaci\u00f3n de este programa, para que las beneficiarias accedieran a conocimientos y sus habilidades de negociaci\u00f3n.<\/p>\n<p style=\"text-align: justify;\">En paralelo, a\u00f1adi\u00f3, se han instalado 100 salas de lactancia en instituciones p\u00fablicas, municipios y empresas privadas, permitiendo a muchas mujeres conciliar su desarrollo personal y profesional, y para quienes enfrentan violencia, el Sedif opera un refugio seguro, en el que las v\u00edctimas, junto con sus hijas e hijos, encuentran protecci\u00f3n y apoyo para romper el ciclo de violencia.<\/p>\n<p style=\"text-align: justify;\">En torno a la atenci\u00f3n de la ni\u00f1ez, afirm\u00f3 que los Centros de Atenci\u00f3n Infantil se han convertido en pilar fundamental para el desarrollo de la primera infancia, tras mencionar que, en el \u00faltimo a\u00f1o, se puso en marcha el Programa de Becas para la Educaci\u00f3n Inicial, beneficiando a mil 500 ni\u00f1as y ni\u00f1os con una educaci\u00f3n de calidad, y a sus familias, al aliviar la carga econ\u00f3mica de sus hogares.<\/p>\n<p style=\"text-align: justify;\">Refiri\u00f3 que, desde el inicio de la actual administraci\u00f3n estatal, la Procuradur\u00eda Estatal para la Protecci\u00f3n de Ni\u00f1as, Ni\u00f1os y Adolescentes lider\u00f3 un cambio hist\u00f3rico con la creaci\u00f3n de las 60 Procuradur\u00edas Municipales de Protecci\u00f3n, para la defensa de los derechos de la ni\u00f1ez, transformaci\u00f3n que se consolid\u00f3 con la hist\u00f3rica reforma de 2022, que permiti\u00f3 brindar m\u00e1s de 11 mil atenciones a ni\u00f1as, ni\u00f1os y adolescentes.<\/p>\n<p style=\"text-align: justify;\">De igual forma, con la construcci\u00f3n de dos albergues para migrantes, gracias al respaldo del Sistema Nacional DIF, se han creado espacios donde menores pueden sentirse seguros mientras se resuelve su situaci\u00f3n legal; con los Centros de Asistencia Social (CAS), a los infantes que est\u00e1n a cargo del Sedif se les ofrece amor, tiempo y dedicaci\u00f3n; y en materia de adopciones, en tres a\u00f1os, se ha trasformado la vida de 30 menores, quienes han cumplido su sue\u00f1o de vivir en familia.<\/p>\n<p style=\"text-align: justify;\">Para avanzar en la construcci\u00f3n de un Tlaxcala m\u00e1s inclusivo, la presidenta del organismo acentu\u00f3 la instalaci\u00f3n del primer Comit\u00e9 de Atenci\u00f3n a Personas con Discapacidad del Estado, donde dependencias, instituciones, organizaciones y asociaciones civiles trabajan unidas para garantizar el acceso pleno a derechos del sector, a fin de promover un Tlaxcala sin barreras f\u00edsicas ni sociales.<\/p>\n<p style=\"text-align: justify;\">Gracias al trabajo conjunto con el DIF Nacional, 50 municipios ya cuentan con su propia Unidad B\u00e1sica de Rehabilitaci\u00f3n (UBR), mediante las cuales se han brindado m\u00e1s de 700 mil servicios especializados, cambiando la vida de m\u00e1s de 78 mil personas con discapacidad temporal o permanente, y se trabaja para lograr que cada municipio cuenta con una para acercar atenci\u00f3n a la poblaci\u00f3n que los necesita.<\/p>\n<p style=\"text-align: justify;\">Estas labores se complementan, abund\u00f3, con la entrega de sillas de ruedas, bastones, andaderas y otras ayudas funcionales, y con los beneficios del Programa de Camas y Colchones Hospitalarios, que por segundo a\u00f1o se impuls\u00f3 para conseguir la distribuci\u00f3n de 450 paquetes en situaci\u00f3n de postraci\u00f3n.<\/p>\n<p style=\"text-align: justify;\">Espinosa de los Monteros Cu\u00e9llar subray\u00f3 que Tlaxcala es referente nacional al desarrollar el Centro de Capacitaci\u00f3n para Personas con Discapacidad (Cecapdif) para la atenci\u00f3n integral en favor de personas con discapacidad y adultos mayores, y su autonom\u00eda econ\u00f3mica. Y a la par de ello, se estableci\u00f3 la Agencia de Integraci\u00f3n Laboral para Personas con Discapacidad, que forma y conecta a los solicitantes con empresas privadas, mismas que han dado oportunidades de empleo a m\u00e1s de 200 personas con discapacidad.<\/p>\n<p style=\"text-align: justify;\">Igualmente, matiz\u00f3 la construcci\u00f3n del Centro de Rehabilitaci\u00f3n Integral y Autismo Tlaxcala (CRIAT), inspirado en el modelo Telet\u00f3n, que ser\u00e1 el primero en el pa\u00eds construido y operado recursos estatales, el segundo en contar con atenci\u00f3n en rehabilitaci\u00f3n y autismo, y el primer centro de atenci\u00f3n de tercer nivel en el estado. Por eso, agradeci\u00f3 a Fernando Landeros, Presidente de la Fundaci\u00f3n Telet\u00f3n, y a su equipo, por ser aliados invaluables en este proyecto hist\u00f3rico.<\/p>\n<p style=\"text-align: justify;\">Para garantizar a los adultos mayores el reconocimiento de sus derechos, la presidenta del Sedif celebr\u00f3 que, por primera vez, se instalara en Tlaxcala el Comit\u00e9 de Atenci\u00f3n a Personas Adultas Mayores, para la creaci\u00f3n de pol\u00edticas dise\u00f1adas para mejorar su calidad de vida; y que, mediante el trabajo coordinado con los municipios y AMEXID, desde 2023, se consiguiera la instalaci\u00f3n de las Unidades de Protecci\u00f3n para la Atenci\u00f3n de Adultos Mayores, para garantizar a este sector una vida digna.<\/p>\n<p style=\"text-align: justify;\">Se\u00f1al\u00f3 que, desde su apertura, la primera Casa de D\u00eda del Adulto Mayor del Sedif ha recibido a ocho mil personas mayores para fortalecer su autonom\u00eda. Por ello, la meta del Sedif es que cada municipio cuente con una Casa de D\u00eda bajo dicho modelo de atenci\u00f3n que promueve un envejecimiento saludable. As\u00ed, en el \u00faltimo a\u00f1o, con el apoyo del DIF Nacional, se entregaron m\u00e1s de 800 equipos y enseres a ocho municipios que ya cuentan con espacios de este tipo.<\/p>\n<p style=\"text-align: justify;\">Adicion\u00f3 que, en colaboraci\u00f3n con los DIF municipales, m\u00e1s de 50 mil adultos mayores han participado en visitas tur\u00edsticas, encuentros culturales y sesiones de activaci\u00f3n f\u00edsica, reforzando su integraci\u00f3n social y emocional.<\/p>\n<p style=\"text-align: justify;\">Tambi\u00e9n observ\u00f3 que, en 2022, se logr\u00f3 la Unidad M\u00f3vil Gerontol\u00f3gica, con un programa que, a la fecha, ha acercado servicios a m\u00e1s de cinco mil personas mayores en situaci\u00f3n de vulnerabilidad o postraci\u00f3n. Recalc\u00f3 que Tlaxcala es un referente nacional en esta materia, ya que el Gobierno de M\u00e9xico ha adoptado este modelo a trav\u00e9s del programa \u201cSalud casa por casa\u201d, que llevar\u00e1 atenci\u00f3n digna a millones de personas adultas mayores y con discapacidad en todo el pa\u00eds.<\/p>\n<p style=\"text-align: justify;\">Finalmente, al exponer que \u201cfortalecer a las familias es proteger el coraz\u00f3n de nuestra comunidad y desarrollar estrategias con perspectiva familiar es nuestra prioridad\u201d, expres\u00f3 que se han impulsado eventos de convivencia que han reunido a m\u00e1s de 142 mil personas en espacios para el reencuentro familiar que construyen comunidades m\u00e1s fuertes y unidas.<\/p>\n<p style=\"text-align: justify;\">Conjuntamente, se puso en marcha el proyecto \u201cEstado Familiarmente Sostenible\u201d, basado en la Agenda 20-30 de las Naciones Unidas, luego de que la gobernadora y los 60 presidentes municipales firmaran su adhesi\u00f3n a la Declaraci\u00f3n de Venecia para consolidar pol\u00edticas familiares que fortalezcan el tejido social, y se realiz\u00f3 la Encuesta de Din\u00e1mica Familiar para conocer a fondo las necesidades, fortalezas y debilidades al interior de los hogares<br \/>\nMariana Espinosa de los Monteros sentenci\u00f3 que \u201ccada programa, cada apoyo y cada iniciativa han sido dise\u00f1ados con un solo prop\u00f3sito: mejorar vidas, sembrar esperanza y construir un futuro donde nadie se queda atr\u00e1s\u201d.<\/p>\n<p style=\"text-align: justify;\">\u201cHoy Tlaxcala brilla como un estado m\u00e1s solidario, m\u00e1s fuerte y humano. Juntos hemos demostrado que la verdadera transformaci\u00f3n comienza cuando ponemos a las personas en el centro de nuestras acciones. Cada paso que hemos dado ha sido un testimonio del poder de la unidad y la empat\u00eda\u201d, concluy\u00f3.<\/p>\n","protected":false},"excerpt":{"rendered":"<p>&nbsp; En el Centro Cultural Universitario de Tlaxcala, la presidenta honor\u00edfica del organismo, Mariana Espinosa de los Monteros, present\u00f3 su Tercer Informe de Actividades La entrega de m\u00e1s de 43 millones de desayunos a menores en edad escolar, el otorgamiento de m\u00e1s de 700 mil servicios especializados a personas con discapacidad, y la realizaci\u00f3n de [&hellip;]<\/p>\n","protected":false},"author":3,"featured_media":36430,"comment_status":"open","ping_status":"open","sticky":false,"template":"","format":"standard","meta":{"footnotes":""},"categories":[12],"tags":[],"class_list":["post-36429","post","type-post","status-publish","format-standard","has-post-thumbnail","hentry","category-brujula-2026"],"amp_enabled":true,"_links":{"self":[{"href":"https:\/\/labestiapolitica.com.mx\/index.php?rest_route=\/wp\/v2\/posts\/36429","targetHints":{"allow":["GET"]}}],"collection":[{"href":"https:\/\/labestiapolitica.com.mx\/index.php?rest_route=\/wp\/v2\/posts"}],"about":[{"href":"https:\/\/labestiapolitica.com.mx\/index.php?rest_route=\/wp\/v2\/types\/post"}],"author":[{"embeddable":true,"href":"https:\/\/labestiapolitica.com.mx\/index.php?rest_route=\/wp\/v2\/users\/3"}],"replies":[{"embeddable":true,"href":"https:\/\/labestiapolitica.com.mx\/index.php?rest_route=%2Fwp%2Fv2%2Fcomments&post=36429"}],"version-history":[{"count":1,"href":"https:\/\/labestiapolitica.com.mx\/index.php?rest_route=\/wp\/v2\/posts\/36429\/revisions"}],"predecessor-version":[{"id":36433,"href":"https:\/\/labestiapolitica.com.mx\/index.php?rest_route=\/wp\/v2\/posts\/36429\/revisions\/36433"}],"wp:featuredmedia":[{"embeddable":true,"href":"https:\/\/labestiapolitica.com.mx\/index.php?rest_route=\/wp\/v2\/media\/36430"}],"wp:attachment":[{"href":"https:\/\/labestiapolitica.com.mx\/index.php?rest_route=%2Fwp%2Fv2%2Fmedia&parent=36429"}],"wp:term":[{"taxonomy":"category","embeddable":true,"href":"https:\/\/labestiapolitica.com.mx\/index.php?rest_route=%2Fwp%2Fv2%2Fcategories&post=36429"},{"taxonomy":"post_tag","embeddable":true,"href":"https:\/\/labestiapolitica.com.mx\/index.php?rest_route=%2Fwp%2Fv2%2Ftags&post=36429"}],"curies":[{"name":"wp","href":"https:\/\/api.w.org\/{rel}","templated":true}]}}