{"id":36544,"date":"2025-02-07T18:12:15","date_gmt":"2025-02-08T00:12:15","guid":{"rendered":"https:\/\/labestiapolitica.com.mx\/?p=36544"},"modified":"2025-02-09T20:40:33","modified_gmt":"2025-02-10T02:40:33","slug":"aseguran-policias-municipales-de-tlaxcala-vehiculo-con-reporte-de-robo","status":"publish","type":"post","link":"https:\/\/labestiapolitica.com.mx\/?p=36544","title":{"rendered":"Aseguran polic\u00edas municipales de Tlaxcala veh\u00edculo con reporte de robo."},"content":{"rendered":"<p style=\"text-align: justify;\">La oportuna denuncia ciudadana permiti\u00f3 a los elementos de seguridad resguardar la unidad abandonada en la comunidad de San Hip\u00f3lito Chimalpa<\/p>\n<p style=\"text-align: justify;\">Elementos de la Direcci\u00f3n de Seguridad, Protecci\u00f3n Ciudadana y Movilidad del Municipio de Tlaxcala aseguraron un veh\u00edculo con reporte de robo en la comunidad de San Hip\u00f3lito Chimalpa, reforzando as\u00ed las acciones de vigilancia y prevenci\u00f3n del delito en la capital del estado.<\/p>\n<p style=\"text-align: justify;\">De acuerdo con los hechos, siendo las 17:00 horas, polic\u00edas preventivos que realizaban un recorrido de seguridad sobre la Avenida Puebla, a bordo de la unidad oficial P-123, cuando un ciudadano alert\u00f3 sobre la presencia de un veh\u00edculo Volkswagen tipo Sed\u00e1n, color rojo, aparentemente abandonado.<\/p>\n<p style=\"text-align: justify;\">Al llegar al sitio se\u00f1alado, los oficiales confirmaron que la unidad, con placas MYM-27-73, presentaba las ventanillas abajo y el cofre semiabierto, por lo que procedieron a verificar su estatus a trav\u00e9s de Plataforma M\u00e9xico.<\/p>\n<p style=\"text-align: justify;\">Tras la consulta, se confirm\u00f3 que el n\u00famero de motor AF1075914 correspond\u00eda a un veh\u00edculo con reporte de robo desde el 21 de abril de 2017 en la Agencia del Ministerio P\u00fablico de Apizaco, Tlaxcala. Ante este hallazgo, se procedi\u00f3 a resguardar la unidad.<\/p>\n<p style=\"text-align: justify;\">El hecho fue reportado a las autoridades correspondientes y se elabor\u00f3 el Informe Policial Homologado MP\/012\/2025, remitiendo el caso a la Fiscal\u00eda General de Justicia del Estado de Tlaxcala para las investigaciones pertinentes.<\/p>\n<p>&nbsp;<\/p>\n<p><img loading=\"lazy\" decoding=\"async\" class=\"alignnone size-full wp-image-28405\" src=\"https:\/\/labestiapolitica.com.mx\/wp-content\/uploads\/2024\/06\/U-NOVA-y-se-diferente.png\" alt=\"\" width=\"1000\" height=\"600\" srcset=\"https:\/\/labestiapolitica.com.mx\/wp-content\/uploads\/2024\/06\/U-NOVA-y-se-diferente.png 1000w, https:\/\/labestiapolitica.com.mx\/wp-content\/uploads\/2024\/06\/U-NOVA-y-se-diferente-300x180.png 300w, https:\/\/labestiapolitica.com.mx\/wp-content\/uploads\/2024\/06\/U-NOVA-y-se-diferente-768x461.png 768w\" sizes=\"auto, (max-width: 1000px) 100vw, 1000px\" \/><\/p>\n","protected":false},"excerpt":{"rendered":"<p>La oportuna denuncia ciudadana permiti\u00f3 a los elementos de seguridad resguardar la unidad abandonada en la comunidad de San Hip\u00f3lito Chimalpa Elementos de la Direcci\u00f3n de Seguridad, Protecci\u00f3n Ciudadana y Movilidad del Municipio de Tlaxcala aseguraron un veh\u00edculo con reporte de robo en la comunidad de San Hip\u00f3lito Chimalpa, reforzando as\u00ed las acciones de vigilancia [&hellip;]<\/p>\n","protected":false},"author":3,"featured_media":36545,"comment_status":"open","ping_status":"open","sticky":false,"template":"","format":"standard","meta":{"footnotes":""},"categories":[12,216,214],"tags":[],"class_list":["post-36544","post","type-post","status-publish","format-standard","has-post-thumbnail","hentry","category-brujula-2026","category-municipios","category-tlaxcala-capital"],"amp_enabled":true,"_links":{"self":[{"href":"https:\/\/labestiapolitica.com.mx\/index.php?rest_route=\/wp\/v2\/posts\/36544","targetHints":{"allow":["GET"]}}],"collection":[{"href":"https:\/\/labestiapolitica.com.mx\/index.php?rest_route=\/wp\/v2\/posts"}],"about":[{"href":"https:\/\/labestiapolitica.com.mx\/index.php?rest_route=\/wp\/v2\/types\/post"}],"author":[{"embeddable":true,"href":"https:\/\/labestiapolitica.com.mx\/index.php?rest_route=\/wp\/v2\/users\/3"}],"replies":[{"embeddable":true,"href":"https:\/\/labestiapolitica.com.mx\/index.php?rest_route=%2Fwp%2Fv2%2Fcomments&post=36544"}],"version-history":[{"count":1,"href":"https:\/\/labestiapolitica.com.mx\/index.php?rest_route=\/wp\/v2\/posts\/36544\/revisions"}],"predecessor-version":[{"id":36546,"href":"https:\/\/labestiapolitica.com.mx\/index.php?rest_route=\/wp\/v2\/posts\/36544\/revisions\/36546"}],"wp:featuredmedia":[{"embeddable":true,"href":"https:\/\/labestiapolitica.com.mx\/index.php?rest_route=\/wp\/v2\/media\/36545"}],"wp:attachment":[{"href":"https:\/\/labestiapolitica.com.mx\/index.php?rest_route=%2Fwp%2Fv2%2Fmedia&parent=36544"}],"wp:term":[{"taxonomy":"category","embeddable":true,"href":"https:\/\/labestiapolitica.com.mx\/index.php?rest_route=%2Fwp%2Fv2%2Fcategories&post=36544"},{"taxonomy":"post_tag","embeddable":true,"href":"https:\/\/labestiapolitica.com.mx\/index.php?rest_route=%2Fwp%2Fv2%2Ftags&post=36544"}],"curies":[{"name":"wp","href":"https:\/\/api.w.org\/{rel}","templated":true}]}}