{"id":36564,"date":"2025-02-09T18:54:58","date_gmt":"2025-02-10T00:54:58","guid":{"rendered":"https:\/\/labestiapolitica.com.mx\/?p=36564"},"modified":"2025-02-09T20:16:37","modified_gmt":"2025-02-10T02:16:37","slug":"agenda-gobierno-estado%f0%9f%94%b4-alertan-sobre-fraudes-impulsan-el-box-y-celebran-el-arte-en-tlaxcala","status":"publish","type":"post","link":"https:\/\/labestiapolitica.com.mx\/?p=36564","title":{"rendered":"Agenda Gobierno Estado\ud83d\udd34 alertan sobre fraudes, impulsan el box y celebran el arte en Tlaxcala"},"content":{"rendered":"<p style=\"text-align: justify;\">DIRECCI\u00d3N DE ATENCI\u00d3N A MIGRANTES ALERTA SOBRE FRAUDES CIBERN\u00c9TICOS<\/p>\n<p style=\"text-align: justify;\">*A trav\u00e9s de las campa\u00f1as \u201cLa DAM Cerca de Ti\u201d y PREVENSA, llegar\u00e1n a m\u00e1s de tres mil tlaxcaltecas<\/p>\n<p>La Direcci\u00f3n de Atenci\u00f3n a Migrantes (DAM), informa a la ciudadan\u00eda tlaxcalteca que los tr\u00e1mites de pasaportes mexicano y americano, visa americana o canadiense, doble nacionalidad, empleo temporal, entre otros, solo se deben hacer en instituciones gubernamentales oficiales, los cuales son gratuitos; a fin de evitar que sean v\u00edctimas de fraudes cibern\u00e9ticos.<\/p>\n<p>Durante el inicio del 2025, el Gobierno del Estado, arranc\u00f3 la campa\u00f1a \u201cLa DAM Cerca de Ti\u201d y PREVENSA (Prevenci\u00f3n del Sue\u00f1o Americano), a fin de llegar a m\u00e1s de tres mil tlaxcaltecas, donde se brinda asesor\u00eda y orientaci\u00f3n gratuita.<\/p>\n<p>Al respecto, la directora de Atenci\u00f3n a Migrantes, M\u00f3nica S\u00e1nchez Angulo, asegur\u00f3 que el trabajo que se realiza es evitar, por medio de la informaci\u00f3n, que la poblaci\u00f3n sea estafada econ\u00f3micamente, con falsos tr\u00e1mites.<\/p>\n<p>\u201cDurante el acercamiento con la poblaci\u00f3n les d\u00e9cimos c\u00f3mo realizar los tr\u00e1mites en las instituciones gubernamentales oficiales, con el fin de evitar estafas de dinero por algunas agencias o personas que se dedican a tramitar supuestas visas, pasaportes, entre otros procesos, que regularmente son gratuito\u201d, destac\u00f3.<\/p>\n<p>Alert\u00f3 que los estafadores se aprovechan de los usuarios, por medio de sitios web ap\u00f3crifos o agencias particulares que parecen ser del gobierno. \u201cNo lo son, pues utilizan logotipos y fotograf\u00edas, cobran cargos por adelantado, a trav\u00e9s de tiendas de conveniencia para despu\u00e9s desaparecer\u201d.<\/p>\n<p>Agreg\u00f3 que las consecuencias de una estafa en cualquier tr\u00e1mite migratorio provocan que los usuarios pierdan su dinero y expongan su integridad f\u00edsica, as\u00ed como su documentaci\u00f3n oficial.<\/p>\n<p>Convoc\u00f3 a los tlaxcaltecas a verificar su tr\u00e1mite o acudir directamente a las oficinas de la DAM, ubicadas en plaza de la Constituci\u00f3n, esquina con la plaza San Jos\u00e9 n\u00famero uno, colonia Centro, de lunes a viernes, con un horario de 8:00 am a 17:00 horas.<\/p>\n<p>La Direcci\u00f3n a Migrantes continuar\u00e1 con estas pl\u00e1ticas preventivas con la poblaci\u00f3n para evitar que caigan en estos fraudes.<\/p>\n<p><img loading=\"lazy\" decoding=\"async\" class=\"alignnone size-full wp-image-36566\" src=\"https:\/\/labestiapolitica.com.mx\/wp-content\/uploads\/2025\/02\/dam-1.jpg\" alt=\"\" width=\"1000\" height=\"600\" srcset=\"https:\/\/labestiapolitica.com.mx\/wp-content\/uploads\/2025\/02\/dam-1.jpg 1000w, https:\/\/labestiapolitica.com.mx\/wp-content\/uploads\/2025\/02\/dam-1-300x180.jpg 300w, https:\/\/labestiapolitica.com.mx\/wp-content\/uploads\/2025\/02\/dam-1-768x461.jpg 768w\" sizes=\"auto, (max-width: 1000px) 100vw, 1000px\" \/><\/p>\n<p>&nbsp;<\/p>\n<p style=\"text-align: justify;\">PARTICIPAN M\u00c1S DE 200 TLAXCALTECAS EN EL PRIMER ENSAYO RUMBO A LA CLASE NACIONAL \u201cBOXEANDO POR LA PAZ\u201d<\/p>\n<p style=\"text-align: justify;\">*La poblaci\u00f3n recibi\u00f3 de forma gratuita atenci\u00f3n en medida de estatura y toma de la presi\u00f3n arterial para evaluar la salud<\/p>\n<p style=\"text-align: justify;\">Con una participaci\u00f3n de m\u00e1s de 200 personas de todas las edades, se realiz\u00f3 con \u00e9xito el primer ensayo rumbo a la clase nacional \u201cBoxeando Por la Paz\u201d, clase masiva que se realizar\u00e1 el pr\u00f3ximo 6 de abril.<\/p>\n<p style=\"text-align: justify;\">Esta actividad es una iniciativa del Gobierno Federal para recomponer el tejido social y promover el deporte social como un eje importante para la salud, a la que se sum\u00f3 el Gobierno del Estado, a trav\u00e9s del Instituto del Deporte de Tlaxcala (IDET), para beneficiar a la poblaci\u00f3n tlaxcalteca.<\/p>\n<p style=\"text-align: justify;\">En representaci\u00f3n del director general del IDET, Daniel Moncayo Cervantes, el titular de Cultura F\u00edsica y Promoci\u00f3n Deportiva, inst\u00f3 a los participantes a romper el r\u00e9cord de una de las clases de boxeo m\u00e1s grande, en el que participar\u00e1n los dem\u00e1s estados del pa\u00eds; de la misma forma, agradeci\u00f3 al presidente municipal de Tetla de la Solidaridad, por promover el deporte en este municipio.<\/p>\n<p style=\"text-align: justify;\">El evento comenz\u00f3 con una activaci\u00f3n previa, en la cual, los participantes, tambi\u00e9n fueron parte del programa \u201cEvaluando por el Bienestar del deporte\u201d, en la que las personas demostraron sus habilidades en diferentes pruebas de memoria, resistencia, fuerza y agilidad, con actividades de aros, \u201cla estrella\u201d y sentadillas; entre otras recreativas como tochito bandera y voleibol; adem\u00e1s, las y los participantes recibieron de forma gratuita el servicio de medici\u00f3n y toma de la presi\u00f3n arterial.<\/p>\n<p style=\"text-align: justify;\">La sesi\u00f3n fue encabezada por los entrenadores en esta disciplina Jos\u00e9 Ricardo Esc\u00e1rcega Vargas y Octavio Lozano Saavedra, quien apunt\u00f3 que \u201cvimos una muy buena organizaci\u00f3n, pero lo m\u00e1s importante, un buen aforo de personas, asisti\u00f3 mucha gente, se ve el inter\u00e9s por parte de los j\u00f3venes y eso es algo muy importante para encaminarlos a la salud y alejarlos de los vicios\u201d.<\/p>\n<p style=\"text-align: justify;\">A su vez, Esc\u00e1rcega Vargas, dijo que \u201cla actividad fue muy fenomenal, para reunir a las y los j\u00f3venes, hay una buena coordinaci\u00f3n para atraer a la poblaci\u00f3n y confiamos que contaremos con la presencia de las dem\u00e1s personas el pr\u00f3ximo 6 de abril\u201d; de la misma manera, la joven pugilista de la escuela \u201cBoxeadores\u201d de Apizaco, Kenya L\u00f3pez Garc\u00eda, agradeci\u00f3 el gobierno del estado por esta activaci\u00f3n que \u201cpone en acci\u00f3n\u201d a deportistas y gente de todas las edades, ya que, \u201cel box nos invita a mantenernos activos\u201d.<\/p>\n<p style=\"text-align: justify;\">La Clase Nacional de Boxeo, es una iniciativa para fortalecer a este deporte a nivel mundial, y en esta iniciativa, el pr\u00f3ximo 6 de abril y de manera simult\u00e1nea, los estados del pa\u00eds, a los que se suma Tlaxcala, se busca romper un r\u00e9cord guiness de la clase de box m\u00e1s grande del mundo en una activaci\u00f3n masiva con duraci\u00f3n de 30 minutos, en la que adem\u00e1s se conmemorar\u00e1 el D\u00eda Internacional para el Desarrollo y La Paz.<\/p>\n<p style=\"text-align: justify;\"><img loading=\"lazy\" decoding=\"async\" class=\"alignnone size-full wp-image-36567\" src=\"https:\/\/labestiapolitica.com.mx\/wp-content\/uploads\/2025\/02\/atleta-.jpg\" alt=\"\" width=\"1000\" height=\"600\" srcset=\"https:\/\/labestiapolitica.com.mx\/wp-content\/uploads\/2025\/02\/atleta-.jpg 1000w, https:\/\/labestiapolitica.com.mx\/wp-content\/uploads\/2025\/02\/atleta--300x180.jpg 300w, https:\/\/labestiapolitica.com.mx\/wp-content\/uploads\/2025\/02\/atleta--768x461.jpg 768w\" sizes=\"auto, (max-width: 1000px) 100vw, 1000px\" \/><\/p>\n<p>&nbsp;<\/p>\n<p style=\"text-align: justify;\">ELIGE CAT 21 PIEZAS DEL IV CONCURSO ARTESANAL IXTENCO \u201cPUEBLO M\u00c1GICO\u201d 2025<\/p>\n<p style=\"text-align: justify;\">*Se van a premiar a cinco primeros lugares de cada una, adem\u00e1s, el galard\u00f3n una \u201cNueva Historia\u201d, que ser\u00e1 a la mejor pieza del certamen<\/p>\n<p style=\"text-align: justify;\">El Gobierno del Estado, a trav\u00e9s de Casa de las Artesan\u00edas de Tlaxcala (CAT), eligi\u00f3 21 piezas del IV Concurso Artesanal Ixtenco 2025; donde destac\u00f3 la presencia del g\u00e9nero femenino, al concursar 20 mujeres y 5 hombres.<\/p>\n<p style=\"text-align: justify;\">El director de Casa de las Artesan\u00edas, Sa\u00fal P\u00e9rez Bravo detall\u00f3 que el jurado estuvo integrado por tres tlaxcaltecas, especialistas en el arte y cultura del estado. \u201cA puerta cerrada calificaron la t\u00e9cnica, dise\u00f1o, procesos, creatividad y, sobre todo, la originalidad de cada una de las creaciones\u201d.<\/p>\n<p style=\"text-align: justify;\">Precis\u00f3 que fueron cuatro categor\u00edas, por lo que se van a premiar a cinco primeros lugares de cada una, adem\u00e1s, el galard\u00f3n una \u201cNueva Historia\u201d, que ser\u00e1 a la mejor pieza del certamen. El monto a entregar es de 100 mil pesos para todas las categor\u00edas y galard\u00f3n; recursos que provienen del gobierno del estado.<\/p>\n<p style=\"text-align: justify;\">Asegur\u00f3 que se impulsa a los grupos vulnerables como son los artesanos. \u201cEs la mejor forma de apoyar y reconocer su talento, tal como la ha indicado la gobernadora Lorena Cu\u00e9llar Cisneros\u201d, coment\u00f3.<\/p>\n<p style=\"text-align: justify;\">Las categor\u00edas del concurso fueron: bordado en pepenado, bordado con chaquira, ce\u00f1idores y cuadros con semillas. Y los artesanos participantes son de los diferentes barrios que conforman el municipio de Ixtenco.<\/p>\n<p style=\"text-align: justify;\">Los premios ser\u00e1n entregados en una ceremonia espacial, para enaltecer las obras de los creadores, que son mujeres y hombres que se han dedicado a dar todo, a trav\u00e9s de sus manos.<\/p>\n<p><img loading=\"lazy\" decoding=\"async\" class=\"alignnone size-full wp-image-36568\" src=\"https:\/\/labestiapolitica.com.mx\/wp-content\/uploads\/2025\/02\/cat-.jpg\" alt=\"\" width=\"1000\" height=\"600\" srcset=\"https:\/\/labestiapolitica.com.mx\/wp-content\/uploads\/2025\/02\/cat-.jpg 1000w, https:\/\/labestiapolitica.com.mx\/wp-content\/uploads\/2025\/02\/cat--300x180.jpg 300w, https:\/\/labestiapolitica.com.mx\/wp-content\/uploads\/2025\/02\/cat--768x461.jpg 768w\" sizes=\"auto, (max-width: 1000px) 100vw, 1000px\" \/><\/p>\n<p>&nbsp;<\/p>\n<p style=\"text-align: justify;\">INVITA EL MAT A DISFRUTAR DE LA EXPOSICI\u00d3N \u00abSINFON\u00cdA DE COLOR\u00bb<\/p>\n<p style=\"text-align: justify;\">*Es una oportunidad \u00fanica para explorar el arte textil mexicano y la creatividad de los grandes maestros del Taller Nacional de Tapiz<\/p>\n<p style=\"text-align: justify;\">El Museo de Arte de Tlaxcala (MAT) invita a la ciudadan\u00eda a disfrutar de la exposici\u00f3n \u00abSinfon\u00eda de Color\u00bb, compuesta de una selecci\u00f3n \u00fanica de 30 tapices creados por los artistas m\u00e1s destacados del Taller Nacional de Tapiz, en un homenaje a su fundador, el maestro Pedro Preux.<\/p>\n<p style=\"text-align: justify;\">Esta muestra pertenece al acervo de la Escuela Nacional de Pintura, Escultura y Grabado \u00abLa Esmeralda\u00bb y representa una excelente oportunidad para conocer el legado del arte textil mexicano contempor\u00e1neo.<\/p>\n<p style=\"text-align: justify;\">La exposici\u00f3n incluye obras de artistas de renombre como Marcela L\u00f3pez, Ricardo Flores, Francisco Toledo, Alfredo Zalce, entre otros, quienes a lo largo de los a\u00f1os han enriquecido el panorama art\u00edstico nacional con su innovaci\u00f3n y talento.<\/p>\n<p style=\"text-align: justify;\">Los tapices que se presentan en la muestra reflejan la diversidad de enfoques y la riqueza de la t\u00e9cnica con la que fueron elaborados, con estructuras arm\u00f3nicas y formas geom\u00e9tricas de gran belleza. Adem\u00e1s, transmiten historias personales y exploran la interacci\u00f3n entre la textura y la materia, utilizando fibras naturales que dan vida a cada obra.<\/p>\n<p style=\"text-align: justify;\">La entrada es libre a la exposici\u00f3n, que tambi\u00e9n forma parte de un reconocimiento a los artistas, quienes con su trabajo siguen llevan este arte a nuevas alturas, los visitantes podr\u00e1n explorar esta fascinante muestra hasta el 28 de febrero de 2025 en el MAT, ubicado en la plaza de la Constituci\u00f3n 21, en el centro de Tlaxcala de Xicoht\u00e9ncatl.<\/p>\n<p style=\"text-align: justify;\">Para conocer m\u00e1s sobre esta exposici\u00f3n y otros eventos culturales, la ciudadan\u00eda puede consultar las redes sociales de la Secretar\u00eda de Cultura de Tlaxcala.<\/p>\n<p style=\"text-align: justify;\"><img loading=\"lazy\" decoding=\"async\" class=\"alignnone size-full wp-image-36569\" src=\"https:\/\/labestiapolitica.com.mx\/wp-content\/uploads\/2025\/02\/mat-.jpg\" alt=\"\" width=\"1000\" height=\"600\" srcset=\"https:\/\/labestiapolitica.com.mx\/wp-content\/uploads\/2025\/02\/mat-.jpg 1000w, https:\/\/labestiapolitica.com.mx\/wp-content\/uploads\/2025\/02\/mat--300x180.jpg 300w, https:\/\/labestiapolitica.com.mx\/wp-content\/uploads\/2025\/02\/mat--768x461.jpg 768w\" sizes=\"auto, (max-width: 1000px) 100vw, 1000px\" \/><\/p>\n","protected":false},"excerpt":{"rendered":"<p>DIRECCI\u00d3N DE ATENCI\u00d3N A MIGRANTES ALERTA SOBRE FRAUDES CIBERN\u00c9TICOS *A trav\u00e9s de las campa\u00f1as \u201cLa DAM Cerca de Ti\u201d y PREVENSA, llegar\u00e1n a m\u00e1s de tres mil tlaxcaltecas La Direcci\u00f3n de Atenci\u00f3n a Migrantes (DAM), informa a la ciudadan\u00eda tlaxcalteca que los tr\u00e1mites de pasaportes mexicano y americano, visa americana o canadiense, doble nacionalidad, empleo [&hellip;]<\/p>\n","protected":false},"author":3,"featured_media":36565,"comment_status":"open","ping_status":"open","sticky":false,"template":"","format":"standard","meta":{"footnotes":""},"categories":[12],"tags":[],"class_list":["post-36564","post","type-post","status-publish","format-standard","has-post-thumbnail","hentry","category-brujula-2026"],"amp_enabled":true,"_links":{"self":[{"href":"https:\/\/labestiapolitica.com.mx\/index.php?rest_route=\/wp\/v2\/posts\/36564","targetHints":{"allow":["GET"]}}],"collection":[{"href":"https:\/\/labestiapolitica.com.mx\/index.php?rest_route=\/wp\/v2\/posts"}],"about":[{"href":"https:\/\/labestiapolitica.com.mx\/index.php?rest_route=\/wp\/v2\/types\/post"}],"author":[{"embeddable":true,"href":"https:\/\/labestiapolitica.com.mx\/index.php?rest_route=\/wp\/v2\/users\/3"}],"replies":[{"embeddable":true,"href":"https:\/\/labestiapolitica.com.mx\/index.php?rest_route=%2Fwp%2Fv2%2Fcomments&post=36564"}],"version-history":[{"count":2,"href":"https:\/\/labestiapolitica.com.mx\/index.php?rest_route=\/wp\/v2\/posts\/36564\/revisions"}],"predecessor-version":[{"id":36605,"href":"https:\/\/labestiapolitica.com.mx\/index.php?rest_route=\/wp\/v2\/posts\/36564\/revisions\/36605"}],"wp:featuredmedia":[{"embeddable":true,"href":"https:\/\/labestiapolitica.com.mx\/index.php?rest_route=\/wp\/v2\/media\/36565"}],"wp:attachment":[{"href":"https:\/\/labestiapolitica.com.mx\/index.php?rest_route=%2Fwp%2Fv2%2Fmedia&parent=36564"}],"wp:term":[{"taxonomy":"category","embeddable":true,"href":"https:\/\/labestiapolitica.com.mx\/index.php?rest_route=%2Fwp%2Fv2%2Fcategories&post=36564"},{"taxonomy":"post_tag","embeddable":true,"href":"https:\/\/labestiapolitica.com.mx\/index.php?rest_route=%2Fwp%2Fv2%2Ftags&post=36564"}],"curies":[{"name":"wp","href":"https:\/\/api.w.org\/{rel}","templated":true}]}}