{"id":36574,"date":"2025-02-09T19:15:53","date_gmt":"2025-02-10T01:15:53","guid":{"rendered":"https:\/\/labestiapolitica.com.mx\/?p=36574"},"modified":"2025-02-11T21:23:44","modified_gmt":"2025-02-12T03:23:44","slug":"tlaxcala-capacito-cecapdif-a-285-personas-con-discapacidad-y-adultos-mayores","status":"publish","type":"post","link":"https:\/\/labestiapolitica.com.mx\/?p=36574","title":{"rendered":"Tlaxcala: CAPACIT\u00d3 CECAPDIF A 285 PERSONAS CON DISCAPACIDAD Y ADULTOS MAYORES"},"content":{"rendered":"<p><img loading=\"lazy\" decoding=\"async\" class=\"alignnone size-full wp-image-36578\" src=\"https:\/\/labestiapolitica.com.mx\/wp-content\/uploads\/2025\/02\/sedif.jpg\" alt=\"\" width=\"1000\" height=\"600\" srcset=\"https:\/\/labestiapolitica.com.mx\/wp-content\/uploads\/2025\/02\/sedif.jpg 1000w, https:\/\/labestiapolitica.com.mx\/wp-content\/uploads\/2025\/02\/sedif-300x180.jpg 300w, https:\/\/labestiapolitica.com.mx\/wp-content\/uploads\/2025\/02\/sedif-768x461.jpg 768w\" sizes=\"auto, (max-width: 1000px) 100vw, 1000px\" \/><\/p>\n<p style=\"text-align: justify;\">*Adem\u00e1s, a trav\u00e9s de sesiones de equinoterapia, dio seguimiento al tratamiento de ni\u00f1os, ni\u00f1as y adolescentes con discapacidad<\/p>\n<p style=\"text-align: justify;\">En un lapso de 14 meses, el Centro de Capacitaci\u00f3n para Personas con Discapacidad y Adultos Mayores (Cecapdif), perteneciente al Sistema Estatal para el Desarrollo Integral de la Familia (Sedif), ha formado a 285 personas de 18 a\u00f1os con discapacidad y adultos mayores.<\/p>\n<p style=\"text-align: justify;\">La presidenta honor\u00edfica del Sedif, Mariana Espinosa de los Monteros Cu\u00e9llar, inform\u00f3 que, a trav\u00e9s de 20 programas de formaci\u00f3n, como computaci\u00f3n, reposter\u00eda, gelatina decorativa, reciclaje, globoflexia, electricidad, panader\u00eda, carpinter\u00eda, y elaboraci\u00f3n de pi\u00f1atas, las personas adquieren herramientas para su desarrollo productivo y as\u00ed generar ingresos propios.<\/p>\n<p style=\"text-align: justify;\">\u201cUno de los objetivos principales del Sistema Estatal para el Desarrollo Integral de la Familia es generar oportunidades de inclusi\u00f3n mediante acciones que permitan a la poblaci\u00f3n m\u00e1s vulnerable desarrollar su conocimiento y habilidades. Porque muchas veces enfrentan desventajas econ\u00f3micas y dificultades para acceder a capacitaciones debido a su condici\u00f3n\u201d, indic\u00f3.<\/p>\n<p style=\"text-align: justify;\">A los talleres del Cecapdif, acude Esther L\u00f3pez Baena. Ella tiene 65 a\u00f1os de edad y su esp\u00edritu por aprender y mejorar sus habilidades culinarias, as\u00ed como el amor a sus seres queridos, ha sido un motor para expandir sus conocimientos.<\/p>\n<p style=\"text-align: justify;\">\u00abVine al Cecapdif en la carretera Ocotl\u00e1n-Chiautempan. Sus instalaciones son amplias y con bellos jardines, cerca de mi hogar. Desde el primer d\u00eda me recibieron bien, me informaron y me inscrib\u00ed. Ahora, desayuno y vengo a trabajar y aprender todos los d\u00edas.\u00bb<\/p>\n<p style=\"text-align: justify;\">Esther L\u00f3pez coment\u00f3 que su maestra, Maril\u00fa Hern\u00e1ndez Lima, les ense\u00f1a a elaborar una variedad de postres, desde muffins y tartas con crema pastelera y fruta hasta cheesecake, pastel \u00f3pera y mil hojas.<\/p>\n<p style=\"text-align: justify;\">Otro asistente al Cecapdif es Don Eron Arciniega Salazar. \u00c9l encontr\u00f3 en el oficio de San Jos\u00e9 la actividad ideal para continuar su misi\u00f3n de vida. A sus 76 a\u00f1os est\u00e1 fascinado con el trato que recibe en el centro, a trav\u00e9s del taller de carpinter\u00eda aprende a realizar algunas piezas porque dice que es preferible estar en el taller, que estar en casa.<\/p>\n<p style=\"text-align: justify;\">\u201cMe siento muy bien, de lujo. El maestro es muy bueno, paciente, atento, se encarga de escuchar nuestras dudas y las aclara, es un gran ser como ya hay pocos. Hay much\u00edsima gente que no tiene la oportunidad de estar en estos talleres tan buenos con todas las m\u00e1quinas nuevas\u201d, comparti\u00f3.<\/p>\n<p style=\"text-align: justify;\">En el taller de panader\u00eda est\u00e1 Luis Alberto D\u00edaz Su\u00e1rez, con 35 a\u00f1os de edad, presenta p\u00e9rdida de la vista desde hace 20 a\u00f1os debido a una enfermedad cr\u00f3nico-degenerativa. Sin embargo, afirm\u00f3 que su situaci\u00f3n no le impide cumplir el sue\u00f1o de alg\u00fan d\u00eda tener su propia panader\u00eda, ya sea en su natal Chiapas o en Teolocholco, donde radica actualmente.<\/p>\n<p style=\"text-align: justify;\">\u201cPara cumplir mi meta, estoy aqu\u00ed en el Cecapdif, me da mucha satisfacci\u00f3n, aparte de que me distrae de muchos problemas. Mi inspiraci\u00f3n principal son mis hijos y mi esposa que hasta ahora me han apoyado\u201d, dijo.<\/p>\n<p style=\"text-align: justify;\">Estas son historias de personas que acuden al Cecapdif, un espacio creado para transformar sus vidas, ofrecerles desarrollo integral e inclusi\u00f3n social, y fortalecer sus habilidades y talentos para su incorporaci\u00f3n laboral.<\/p>\n<p style=\"text-align: justify;\">De los Monteros Cu\u00e9llar agreg\u00f3 que en el Cecapdif tambi\u00e9n hay una zona de ruedo para sesiones de equinoterapia, donde se da seguimiento al tratamiento de 210 ni\u00f1os, ni\u00f1as y adolescentes con discapacidad en temas de rehabilitaci\u00f3n mediante un enfoque alternativo y complementario que comprende dos mil sesiones.<\/p>\n<p style=\"text-align: justify;\">\u201cEstas intervenciones proporcionan una valiosa oportunidad para que los menores logren un desarrollo f\u00edsico y emocional equilibrado, favoreciendo su integraci\u00f3n tanto en el \u00e1mbito familiar como en el social y educativo, y garantizando su participaci\u00f3n activa en una sociedad inclusiva\u201d.<\/p>\n<p style=\"text-align: justify;\">Por todo eso, la presidenta honor\u00edfica del Sedif, recalc\u00f3 que para la instituci\u00f3n que dirige \u201ces prioridad, visibilizar a los m\u00e1s vulnerables de la poblaci\u00f3n, reconociendo la diversidad humana con enfoque de respeto y equidad, creando condiciones para que este sector de la poblaci\u00f3n, sin excepci\u00f3n, tengan igual capacidad de acceso a las oportunidades sociales y laborales, acerc\u00e1ndonos a un futuro m\u00e1s inclusivo\u201d.<\/p>\n<p><img loading=\"lazy\" decoding=\"async\" class=\"alignnone size-full wp-image-36576\" src=\"https:\/\/labestiapolitica.com.mx\/wp-content\/uploads\/2025\/02\/sedif4.jpg\" alt=\"\" width=\"1000\" height=\"600\" srcset=\"https:\/\/labestiapolitica.com.mx\/wp-content\/uploads\/2025\/02\/sedif4.jpg 1000w, https:\/\/labestiapolitica.com.mx\/wp-content\/uploads\/2025\/02\/sedif4-300x180.jpg 300w, https:\/\/labestiapolitica.com.mx\/wp-content\/uploads\/2025\/02\/sedif4-768x461.jpg 768w\" sizes=\"auto, (max-width: 1000px) 100vw, 1000px\" \/> <img loading=\"lazy\" decoding=\"async\" class=\"alignnone size-full wp-image-36577\" src=\"https:\/\/labestiapolitica.com.mx\/wp-content\/uploads\/2025\/02\/sedif3.jpg\" alt=\"\" width=\"1000\" height=\"600\" srcset=\"https:\/\/labestiapolitica.com.mx\/wp-content\/uploads\/2025\/02\/sedif3.jpg 1000w, https:\/\/labestiapolitica.com.mx\/wp-content\/uploads\/2025\/02\/sedif3-300x180.jpg 300w, https:\/\/labestiapolitica.com.mx\/wp-content\/uploads\/2025\/02\/sedif3-768x461.jpg 768w\" sizes=\"auto, (max-width: 1000px) 100vw, 1000px\" \/><\/p>\n","protected":false},"excerpt":{"rendered":"<p>*Adem\u00e1s, a trav\u00e9s de sesiones de equinoterapia, dio seguimiento al tratamiento de ni\u00f1os, ni\u00f1as y adolescentes con discapacidad En un lapso de 14 meses, el Centro de Capacitaci\u00f3n para Personas con Discapacidad y Adultos Mayores (Cecapdif), perteneciente al Sistema Estatal para el Desarrollo Integral de la Familia (Sedif), ha formado a 285 personas de 18 [&hellip;]<\/p>\n","protected":false},"author":3,"featured_media":36575,"comment_status":"open","ping_status":"open","sticky":false,"template":"","format":"standard","meta":{"footnotes":""},"categories":[12,236],"tags":[],"class_list":["post-36574","post","type-post","status-publish","format-standard","has-post-thumbnail","hentry","category-brujula-2026","category-gobierno-de-tlaxcala"],"amp_enabled":true,"_links":{"self":[{"href":"https:\/\/labestiapolitica.com.mx\/index.php?rest_route=\/wp\/v2\/posts\/36574","targetHints":{"allow":["GET"]}}],"collection":[{"href":"https:\/\/labestiapolitica.com.mx\/index.php?rest_route=\/wp\/v2\/posts"}],"about":[{"href":"https:\/\/labestiapolitica.com.mx\/index.php?rest_route=\/wp\/v2\/types\/post"}],"author":[{"embeddable":true,"href":"https:\/\/labestiapolitica.com.mx\/index.php?rest_route=\/wp\/v2\/users\/3"}],"replies":[{"embeddable":true,"href":"https:\/\/labestiapolitica.com.mx\/index.php?rest_route=%2Fwp%2Fv2%2Fcomments&post=36574"}],"version-history":[{"count":1,"href":"https:\/\/labestiapolitica.com.mx\/index.php?rest_route=\/wp\/v2\/posts\/36574\/revisions"}],"predecessor-version":[{"id":36579,"href":"https:\/\/labestiapolitica.com.mx\/index.php?rest_route=\/wp\/v2\/posts\/36574\/revisions\/36579"}],"wp:featuredmedia":[{"embeddable":true,"href":"https:\/\/labestiapolitica.com.mx\/index.php?rest_route=\/wp\/v2\/media\/36575"}],"wp:attachment":[{"href":"https:\/\/labestiapolitica.com.mx\/index.php?rest_route=%2Fwp%2Fv2%2Fmedia&parent=36574"}],"wp:term":[{"taxonomy":"category","embeddable":true,"href":"https:\/\/labestiapolitica.com.mx\/index.php?rest_route=%2Fwp%2Fv2%2Fcategories&post=36574"},{"taxonomy":"post_tag","embeddable":true,"href":"https:\/\/labestiapolitica.com.mx\/index.php?rest_route=%2Fwp%2Fv2%2Ftags&post=36574"}],"curies":[{"name":"wp","href":"https:\/\/api.w.org\/{rel}","templated":true}]}}