{"id":36584,"date":"2025-02-09T19:26:15","date_gmt":"2025-02-10T01:26:15","guid":{"rendered":"https:\/\/labestiapolitica.com.mx\/?p=36584"},"modified":"2025-02-09T23:27:15","modified_gmt":"2025-02-10T05:27:15","slug":"%f0%9f%94%b4-creadores-tlaxcaltecas-es-su-momento-abren-convocatoria-para-laboratorios-ludicos-de-artes-2025-%f0%9f%8e%ad%f0%9f%8e%a8","status":"publish","type":"post","link":"https:\/\/labestiapolitica.com.mx\/?p=36584","title":{"rendered":"\ud83d\udd34 Creadores tlaxcaltecas, \u00a1es su momento! abren convocatoria para laboratorios l\u00fadicos de artes 2025 \ud83c\udfad\ud83c\udfa8"},"content":{"rendered":"<p style=\"text-align: justify;\">Si eres artista, promotor o tallerista y te apasiona llevar el arte a ni\u00f1as, ni\u00f1os y adolescentes en situaciones de vulnerabilidad, la Secretar\u00eda de Cultura te invita a participar en <em>Laboratorios L\u00fadicos de Artes 2025<\/em>.<\/p>\n<p style=\"text-align: justify;\">\u2728 <strong>\u00bfDe qu\u00e9 trata?<\/strong><br \/>\nEs una iniciativa para impulsar proyectos culturales comunitarios que fomenten la creatividad infantil y juvenil, priorizando la igualdad, la paz y la inclusi\u00f3n.<\/p>\n<p style=\"text-align: justify;\">\ud83d\udccc <strong>Categor\u00edas:<\/strong><br \/>\n\ud83d\udd39 <em>Brotes<\/em>: Para infantes de hasta 5 a\u00f1os.<br \/>\n\ud83d\udd39 <em>Identidades y reconstrucci\u00f3n de las memorias<\/em>: Para ni\u00f1os y adolescentes de 6 a 17 a\u00f1os.<\/p>\n<p style=\"text-align: justify;\">\ud83d\udcb0 <strong>Cada proyecto seleccionado recibir\u00e1 un apoyo de 33 mil pesos.<\/strong><\/p>\n<p style=\"text-align: justify;\">\ud83d\udcdd <strong>\u00bfC\u00f3mo participar?<\/strong><br \/>\n\ud83d\udccd Reg\u00edstrate antes del 2 de marzo en \ud83d\udc49 <a href=\"http:\/\/alasyraices.gob.mx\/laboratorios-ludicos-2025\" target=\"_new\" rel=\"noopener\">alasyraices.gob.mx\/laboratorios-ludicos-2025<\/a>.<br \/>\n\ud83d\udccd \u00danete al Facebook Live el 17 de febrero para resolver dudas.<br \/>\n\ud83d\udccd Consulta la convocatoria en las redes de la SC Tlaxcala.<\/p>\n<p style=\"text-align: justify;\">\ud83d\ude80 \u00a1Haz que el arte transforme vidas!<\/p>\n<p style=\"text-align: justify;\">INVITA SC A PARTICIPAR EN LA CONVOCATORIA NACIONAL \u201cLABORATORIOS L\u00daDICOS DE ARTES 2025\u201d<\/p>\n<p style=\"text-align: justify;\">*El registro ser\u00e1 en el sitio oficial alasyraices.gob.mx\/laboratorios-ludicos-2025, hasta el 2 de marzo de 2025<\/p>\n<p style=\"text-align: justify;\">La Secretar\u00eda de Cultura (SC), invita a los artistas, talleristas, promotores y creadores tlaxcaltecas a participar en la tercera edici\u00f3n de la convocatoria nacional \u201cLaboratorios L\u00fadicos de Artes 2025\u201d, en la que podr\u00e1n presentar proyectos de cultura comunitaria para la ni\u00f1ez y adolescencia en situaci\u00f3n de vulnerabilidad.<\/p>\n<p style=\"text-align: justify;\">Esta iniciativa busca resaltar la participaci\u00f3n de la ni\u00f1ez y adolescencia en sus propios contextos, visibilizando su capacidad creativa desde diversas expresiones culturales.<\/p>\n<p style=\"text-align: justify;\">Las propuestas deben ser multidisciplinarias y estar alineadas con los principios del inter\u00e9s superior de la ni\u00f1ez, como el respeto, la igualdad de g\u00e9nero, la no discriminaci\u00f3n, la cultura de paz y la prevenci\u00f3n de violencias.<\/p>\n<p style=\"text-align: justify;\">Este a\u00f1o, ser\u00e1n seleccionados 45 proyectos en dos categor\u00edas: 13 laboratorios l\u00fadicos de artes \u201cBrotes\u201d, dirigidos a infantes de hasta 5 a\u00f1os y 32 laboratorios l\u00fadicos de artes \u201cIdentidades y reconstrucci\u00f3n de las memorias\u201d, de los cuales 20 est\u00e1n dirigidos a ni\u00f1as y ni\u00f1os de 6 a 11 a\u00f1os y el resto para adolescentes de 12 a 17 a\u00f1os.<\/p>\n<p style=\"text-align: justify;\">Las propuestas deber\u00e1n estar enfocadas en contextos de desigualdad social, como comunidades afectadas por violencia, discriminaci\u00f3n, movilidad, o con personas en situaci\u00f3n de discapacidad.<\/p>\n<p style=\"text-align: justify;\">El proceso de registro ser\u00e1 en el sitio oficial alasyraices.gob.mx\/laboratorios-ludicos-2025, hasta las 23:59 horas del 2 de marzo de 2025.<\/p>\n<p style=\"text-align: justify;\">Las peticiones deber\u00e1n realizarse en formato de c\u00e9dula de postulaci\u00f3n y formulario de registro, ambos disponibles en las bases de la convocatoria.<\/p>\n<p style=\"text-align: justify;\">Los resultados se publicar\u00e1n el 20 de marzo de 2025 a trav\u00e9s del sitio web oficial. Cada uno de los proyectos seleccionados recibir\u00e1n un apoyo econ\u00f3mico de 33 mil pesos, recursos que deber\u00e1n destinarse a las actividades aprobadas.<\/p>\n<p style=\"text-align: justify;\">Los interesados podr\u00e1n participar en la sesi\u00f3n de Facebook Live, el pr\u00f3ximo 17 de febrero, para resolver dudad o consultar la convocatoria en las redes sociales oficiales de la SC de Tlaxcala y en el sitio web: alasyraices.gob.mx.<\/p>\n","protected":false},"excerpt":{"rendered":"<p>Si eres artista, promotor o tallerista y te apasiona llevar el arte a ni\u00f1as, ni\u00f1os y adolescentes en situaciones de vulnerabilidad, la Secretar\u00eda de Cultura te invita a participar en Laboratorios L\u00fadicos de Artes 2025. \u2728 \u00bfDe qu\u00e9 trata? Es una iniciativa para impulsar proyectos culturales comunitarios que fomenten la creatividad infantil y juvenil, priorizando [&hellip;]<\/p>\n","protected":false},"author":3,"featured_media":36585,"comment_status":"open","ping_status":"open","sticky":false,"template":"","format":"standard","meta":{"footnotes":""},"categories":[12],"tags":[],"class_list":["post-36584","post","type-post","status-publish","format-standard","has-post-thumbnail","hentry","category-brujula-2026"],"amp_enabled":true,"_links":{"self":[{"href":"https:\/\/labestiapolitica.com.mx\/index.php?rest_route=\/wp\/v2\/posts\/36584","targetHints":{"allow":["GET"]}}],"collection":[{"href":"https:\/\/labestiapolitica.com.mx\/index.php?rest_route=\/wp\/v2\/posts"}],"about":[{"href":"https:\/\/labestiapolitica.com.mx\/index.php?rest_route=\/wp\/v2\/types\/post"}],"author":[{"embeddable":true,"href":"https:\/\/labestiapolitica.com.mx\/index.php?rest_route=\/wp\/v2\/users\/3"}],"replies":[{"embeddable":true,"href":"https:\/\/labestiapolitica.com.mx\/index.php?rest_route=%2Fwp%2Fv2%2Fcomments&post=36584"}],"version-history":[{"count":1,"href":"https:\/\/labestiapolitica.com.mx\/index.php?rest_route=\/wp\/v2\/posts\/36584\/revisions"}],"predecessor-version":[{"id":36586,"href":"https:\/\/labestiapolitica.com.mx\/index.php?rest_route=\/wp\/v2\/posts\/36584\/revisions\/36586"}],"wp:featuredmedia":[{"embeddable":true,"href":"https:\/\/labestiapolitica.com.mx\/index.php?rest_route=\/wp\/v2\/media\/36585"}],"wp:attachment":[{"href":"https:\/\/labestiapolitica.com.mx\/index.php?rest_route=%2Fwp%2Fv2%2Fmedia&parent=36584"}],"wp:term":[{"taxonomy":"category","embeddable":true,"href":"https:\/\/labestiapolitica.com.mx\/index.php?rest_route=%2Fwp%2Fv2%2Fcategories&post=36584"},{"taxonomy":"post_tag","embeddable":true,"href":"https:\/\/labestiapolitica.com.mx\/index.php?rest_route=%2Fwp%2Fv2%2Ftags&post=36584"}],"curies":[{"name":"wp","href":"https:\/\/api.w.org\/{rel}","templated":true}]}}