{"id":36599,"date":"2025-02-08T19:50:11","date_gmt":"2025-02-09T01:50:11","guid":{"rendered":"https:\/\/labestiapolitica.com.mx\/?p=36599"},"modified":"2025-02-09T19:52:55","modified_gmt":"2025-02-10T01:52:55","slug":"coltlax-abre-convocatoria-para-posgrados-2025-formando-lideres-del-desarrollo-regional-%f0%9f%8e%93%f0%9f%8c%8d","status":"publish","type":"post","link":"https:\/\/labestiapolitica.com.mx\/?p=36599","title":{"rendered":"Coltlax abre convocatoria para posgrados 2025: formando l\u00edderes del desarrollo regional \ud83c\udf93\ud83c\udf0d"},"content":{"rendered":"<p style=\"text-align: justify;\">Si buscas especializarte y generar impacto en el desarrollo de Tlaxcala, esta es tu oportunidad. El Colegio de Tlaxcala, A.C. ha lanzado su <strong>convocatoria 2025<\/strong> para la <strong>Maestr\u00eda y Doctorado en Desarrollo Regional<\/strong>, programas avalados por el <strong>Sistema Nacional de Posgrados (SNP)<\/strong>.<\/p>\n<p style=\"text-align: justify;\">\ud83d\udcc6 <strong>Fechas clave:<\/strong><br \/>\n\u2705 Registro y env\u00edo de documentos: <em>Hasta el 18 de abril<\/em>.<br \/>\n\u2705 Entrevistas: <em>28 de abril al 2 de mayo<\/em>.<br \/>\n\u2705 Curso proped\u00e9utico: <em>12 de mayo al 20 de junio<\/em>.<br \/>\n\u2705 Inicio de clases: <em>18 de agosto<\/em>.<\/p>\n<p style=\"text-align: justify;\">\ud83c\udf93 <strong>Beneficios:<\/strong><br \/>\n\ud83d\udd39 Acceso a becas y convenios con instituciones nacionales e internacionales.<br \/>\n\ud83d\udd39 Oportunidad de movilidad acad\u00e9mica.<br \/>\n\ud83d\udd39 Formaci\u00f3n con enfoque en impacto real en el desarrollo regional.<\/p>\n<p style=\"text-align: justify;\">\ud83d\udccd Post\u00falate en \ud83d\udc49 <a href=\"http:\/\/www.coltlax.edu.mx\" target=\"_new\" rel=\"noopener\">www.coltlax.edu.mx<\/a><br \/>\n\ud83d\udce7 Contacto: <a rel=\"noopener\">servicios.ctlx@coltlax.edu.mx<\/a><br \/>\n\ud83d\udcde Tel: (246) 46 4 58 74, ext. 1307 y 1300.<\/p>\n<p style=\"text-align: justify;\">\ud83d\ude80 \u00a1Es tu momento de crecer y transformar el futuro!<\/p>\n<p>&nbsp;<\/p>\n<p style=\"text-align: justify;\">EMITE COLEGIO DE TLAXCALA CONVOCATORIAS DE POSGRADOS 2025<\/p>\n<p style=\"text-align: justify;\">*Los programas se encuentran adscritos al Sistema Nacional de Posgrados (SNP) de la Secretar\u00eda de Ciencia, Humanidades, Tecnolog\u00eda e Innovaci\u00f3n (SECIHTI)<\/p>\n<p style=\"text-align: justify;\">El Colegio de Tlaxcala, A.C. (Coltlax), emiti\u00f3 las convocatorias de ingreso 2025 para la maestr\u00eda y doctorado en desarrollo regional, las cuales iniciar\u00e1n clases en agosto pr\u00f3ximo.<\/p>\n<p style=\"text-align: justify;\">Con el prop\u00f3sito de contribuir a la formaci\u00f3n de profesionales capaces de incidir en el desarrollo regional del estado, las y los interesados tendr\u00e1n hasta el viernes 18 de abril para realizar su solicitud electr\u00f3nica en la p\u00e1gina www.coltlax.edu.mx y enviar su documentaci\u00f3n al correo servicios.ctlx@coltlax.edu.mx.<\/p>\n<p style=\"text-align: justify;\">En su expediente se deber\u00e1 incluir certificado de estudios de licenciatura y de maestr\u00eda (este \u00faltimo para el caso del doctorado), t\u00edtulo, c\u00e9dula y proyecto de investigaci\u00f3n vinculado a una de las L\u00edneas de Generaci\u00f3n y Aplicaci\u00f3n del Conocimiento del posgrado.<\/p>\n<p style=\"text-align: justify;\">Tambi\u00e9n, curr\u00edculum vitae, cartas de exposici\u00f3n de motivos y de recomendaci\u00f3n expedida por un acad\u00e9mico; comprobantes del EXANI III\u2013Ceneval y acreditar el examen GRE (General test) para estudiantes extranjeros.<\/p>\n<p style=\"text-align: justify;\">Del 28 de abril al 2 de mayo se realizar\u00e1n las entrevistas en l\u00ednea y el 7 del mismo mes, se emitir\u00e1n las notificaciones de aceptaci\u00f3n al curso proped\u00e9utico, el cual se desarrollar\u00e1 del 12 de mayo al 20 de junio del a\u00f1o en curso.<\/p>\n<p style=\"text-align: justify;\">La notificaci\u00f3n de resultados ser\u00e1 el 30 de junio y las inscripciones se efectuar\u00e1n del 11 al 15 de agosto, para iniciar clases el lunes 18 del mismo mes.<\/p>\n<p style=\"text-align: justify;\">Cabe destacar que el Doctorado y la Maestr\u00eda en Desarrollo Regional se encuentran adscritos al Sistema Nacional de Posgrados (SNP) de la Secretar\u00eda de Ciencia, Humanidades, Tecnolog\u00eda e Innovaci\u00f3n (SECIHTI).<\/p>\n<p style=\"text-align: justify;\">Al cursar un posgrado en el Coltlax, los estudiantes pueden aprovechar los convenios con instituciones y dependencias nacionales e internacionales para realizar movilidad, adem\u00e1s de acceder al sistema de becas con el que se cuenta.<\/p>\n<p style=\"text-align: justify;\">Para m\u00e1s informaci\u00f3n, se puede acudir a las instalaciones de El Colegio de Tlaxcala, A.C., ubicadas en avenida Melchor Ocampo, n\u00famero 28, San Pablo Apetatitl\u00e1n, escribir a los correos anteriormente mencionados o llamar al n\u00famero telef\u00f3nico (246) 46 4 58 74, extensi\u00f3n 1307 y 1300.<\/p>\n","protected":false},"excerpt":{"rendered":"<p>Si buscas especializarte y generar impacto en el desarrollo de Tlaxcala, esta es tu oportunidad. El Colegio de Tlaxcala, A.C. ha lanzado su convocatoria 2025 para la Maestr\u00eda y Doctorado en Desarrollo Regional, programas avalados por el Sistema Nacional de Posgrados (SNP). \ud83d\udcc6 Fechas clave: \u2705 Registro y env\u00edo de documentos: Hasta el 18 de [&hellip;]<\/p>\n","protected":false},"author":3,"featured_media":36600,"comment_status":"open","ping_status":"open","sticky":false,"template":"","format":"standard","meta":{"footnotes":""},"categories":[12],"tags":[],"class_list":["post-36599","post","type-post","status-publish","format-standard","has-post-thumbnail","hentry","category-brujula-2026"],"amp_enabled":true,"_links":{"self":[{"href":"https:\/\/labestiapolitica.com.mx\/index.php?rest_route=\/wp\/v2\/posts\/36599","targetHints":{"allow":["GET"]}}],"collection":[{"href":"https:\/\/labestiapolitica.com.mx\/index.php?rest_route=\/wp\/v2\/posts"}],"about":[{"href":"https:\/\/labestiapolitica.com.mx\/index.php?rest_route=\/wp\/v2\/types\/post"}],"author":[{"embeddable":true,"href":"https:\/\/labestiapolitica.com.mx\/index.php?rest_route=\/wp\/v2\/users\/3"}],"replies":[{"embeddable":true,"href":"https:\/\/labestiapolitica.com.mx\/index.php?rest_route=%2Fwp%2Fv2%2Fcomments&post=36599"}],"version-history":[{"count":1,"href":"https:\/\/labestiapolitica.com.mx\/index.php?rest_route=\/wp\/v2\/posts\/36599\/revisions"}],"predecessor-version":[{"id":36601,"href":"https:\/\/labestiapolitica.com.mx\/index.php?rest_route=\/wp\/v2\/posts\/36599\/revisions\/36601"}],"wp:featuredmedia":[{"embeddable":true,"href":"https:\/\/labestiapolitica.com.mx\/index.php?rest_route=\/wp\/v2\/media\/36600"}],"wp:attachment":[{"href":"https:\/\/labestiapolitica.com.mx\/index.php?rest_route=%2Fwp%2Fv2%2Fmedia&parent=36599"}],"wp:term":[{"taxonomy":"category","embeddable":true,"href":"https:\/\/labestiapolitica.com.mx\/index.php?rest_route=%2Fwp%2Fv2%2Fcategories&post=36599"},{"taxonomy":"post_tag","embeddable":true,"href":"https:\/\/labestiapolitica.com.mx\/index.php?rest_route=%2Fwp%2Fv2%2Ftags&post=36599"}],"curies":[{"name":"wp","href":"https:\/\/api.w.org\/{rel}","templated":true}]}}