{"id":36602,"date":"2025-02-09T20:06:02","date_gmt":"2025-02-10T02:06:02","guid":{"rendered":"https:\/\/labestiapolitica.com.mx\/?p=36602"},"modified":"2025-02-11T21:23:23","modified_gmt":"2025-02-12T03:23:23","slug":"%f0%9f%8f%8d%ef%b8%8f-regulariza-tu-moto-y-rodaras-sin-preocupaciones-en-tlaxcala-%f0%9f%9b%a3%ef%b8%8f%e2%9c%85","status":"publish","type":"post","link":"https:\/\/labestiapolitica.com.mx\/?p=36602","title":{"rendered":"\ud83c\udfcd\ufe0f \u00a1Regulariza tu moto y rodar\u00e1s sin preocupaciones en Tlaxcala! \ud83d\udee3\ufe0f\u2705"},"content":{"rendered":"<p>Si eres due\u00f1o de una motocicleta en Tlaxcala, esta es tu oportunidad para <strong>regularizar y emplacar tu veh\u00edculo sin pagar refrendos atrasados, multas ni recargos<\/strong>. \ud83c\udfc1\ud83d\udca8<\/p>\n<p>\ud83d\udcc6 <strong>\u00a1Aprovecha el beneficio hasta el 31 de marzo de 2025!<\/strong><\/p>\n<p>\ud83d\udea6 <strong>\u00bfPor qu\u00e9 es importante?<\/strong><br \/>\n\ud83d\udd39 Te sumas al <strong>Padr\u00f3n Estatal Vehicular<\/strong>, garantizando seguridad y orden.<br \/>\n\ud83d\udd39 Evitas sanciones y problemas al circular.<br \/>\n\ud83d\udd39 \u00a1Ruedas con tranquilidad y en regla!<\/p>\n<p>\ud83d\udccd Acude a las oficinas centrales de la <strong>SMyT en San Pablo Apetatitl\u00e1n<\/strong> o a las delegaciones en <strong>Tlaxcala, Chiautempan, Apizaco, Zacatelco, Huamantla, Calpulalpan, Tlaxco y San Pablo del Monte<\/strong>.<\/p>\n<p>\u26a1 <strong>\u00a1No dejes pasar esta oportunidad! Tu moto, tu seguridad, tu responsabilidad.<\/strong> \ud83c\udfcd\ufe0f\ud83d\udd11<\/p>\n<p style=\"text-align: justify;\">INVITA SMYT A REGULAR Y EMPLACAR MOTOCICLETAS<\/p>\n<p style=\"text-align: justify;\">*Se pretende que reducir el n\u00famero de motocicletas que circulan en el Estado sin placas y sin registro en el Padr\u00f3n Estatal Vehicular<\/p>\n<p style=\"text-align: justify;\">La Secretar\u00eda de Movilidad y Transporte (SMyT), invita a due\u00f1os de motocicletas a regularizar y emplacar sus motocicletas, ya que hasta el 31 de marzo est\u00e1n exentos de los pagos de refrendo por a\u00f1os anteriores, beneficio, que se establece, con base en las disposiciones establecidas en la Ley de Ingresos del Estado de Tlaxcala para el ejercicio fiscal 2025.<\/p>\n<p style=\"text-align: justify;\">Asimismo, la dependencia otorga el mismo beneficio en multas y recargos, por lo que exhorta a que hagan su registro en el Padr\u00f3n Estatal Vehicular, cambio de propietario o canje de placas.<\/p>\n<p style=\"text-align: justify;\">La dependencia reitera que estos beneficios estar\u00e1n vigentes hasta el 31 de marzo de 2025, y podr\u00e1n realizarse en oficinas centrales de la Secretar\u00eda de Movilidad y Transporte en San Pablo Apetatitl\u00e1n o en cualquiera de sus Delegaciones en los Municipios de Tlaxcala, Chiautempan, Apizaco, Zacatelco, Huamantla, Calpulalpan, Tlaxco y San Pablo del Monte.<\/p>\n<p style=\"text-align: justify;\">Adem\u00e1s, con esta medida se busca garantizar la seguridad y reducir el n\u00famero de motocicletas que circulan sin placa.<\/p>\n","protected":false},"excerpt":{"rendered":"<p>Si eres due\u00f1o de una motocicleta en Tlaxcala, esta es tu oportunidad para regularizar y emplacar tu veh\u00edculo sin pagar refrendos atrasados, multas ni recargos. \ud83c\udfc1\ud83d\udca8 \ud83d\udcc6 \u00a1Aprovecha el beneficio hasta el 31 de marzo de 2025! \ud83d\udea6 \u00bfPor qu\u00e9 es importante? \ud83d\udd39 Te sumas al Padr\u00f3n Estatal Vehicular, garantizando seguridad y orden. \ud83d\udd39 Evitas [&hellip;]<\/p>\n","protected":false},"author":3,"featured_media":36603,"comment_status":"open","ping_status":"open","sticky":false,"template":"","format":"standard","meta":{"footnotes":""},"categories":[12],"tags":[],"class_list":["post-36602","post","type-post","status-publish","format-standard","has-post-thumbnail","hentry","category-brujula-2026"],"amp_enabled":true,"_links":{"self":[{"href":"https:\/\/labestiapolitica.com.mx\/index.php?rest_route=\/wp\/v2\/posts\/36602","targetHints":{"allow":["GET"]}}],"collection":[{"href":"https:\/\/labestiapolitica.com.mx\/index.php?rest_route=\/wp\/v2\/posts"}],"about":[{"href":"https:\/\/labestiapolitica.com.mx\/index.php?rest_route=\/wp\/v2\/types\/post"}],"author":[{"embeddable":true,"href":"https:\/\/labestiapolitica.com.mx\/index.php?rest_route=\/wp\/v2\/users\/3"}],"replies":[{"embeddable":true,"href":"https:\/\/labestiapolitica.com.mx\/index.php?rest_route=%2Fwp%2Fv2%2Fcomments&post=36602"}],"version-history":[{"count":1,"href":"https:\/\/labestiapolitica.com.mx\/index.php?rest_route=\/wp\/v2\/posts\/36602\/revisions"}],"predecessor-version":[{"id":36604,"href":"https:\/\/labestiapolitica.com.mx\/index.php?rest_route=\/wp\/v2\/posts\/36602\/revisions\/36604"}],"wp:featuredmedia":[{"embeddable":true,"href":"https:\/\/labestiapolitica.com.mx\/index.php?rest_route=\/wp\/v2\/media\/36603"}],"wp:attachment":[{"href":"https:\/\/labestiapolitica.com.mx\/index.php?rest_route=%2Fwp%2Fv2%2Fmedia&parent=36602"}],"wp:term":[{"taxonomy":"category","embeddable":true,"href":"https:\/\/labestiapolitica.com.mx\/index.php?rest_route=%2Fwp%2Fv2%2Fcategories&post=36602"},{"taxonomy":"post_tag","embeddable":true,"href":"https:\/\/labestiapolitica.com.mx\/index.php?rest_route=%2Fwp%2Fv2%2Ftags&post=36602"}],"curies":[{"name":"wp","href":"https:\/\/api.w.org\/{rel}","templated":true}]}}