{"id":36699,"date":"2025-02-02T22:20:53","date_gmt":"2025-02-03T04:20:53","guid":{"rendered":"https:\/\/labestiapolitica.com.mx\/?p=36699"},"modified":"2025-02-09T22:22:22","modified_gmt":"2025-02-10T04:22:22","slug":"se-suma-tlaxcala-a-clase-nacional-boxeando-por-la-paz","status":"publish","type":"post","link":"https:\/\/labestiapolitica.com.mx\/?p=36699","title":{"rendered":"SE SUMA TLAXCALA A CLASE NACIONAL \u00abBOXEANDO POR LA PAZ\u00bb"},"content":{"rendered":"<p style=\"text-align: justify;\">SE SUMA TLAXCALA A CLASE NACIONAL \u00abBOXEANDO POR LA PAZ\u00bb<\/p>\n<p style=\"text-align: justify;\">*IDET invita a la poblaci\u00f3n a participar en el primer ensayo que se realizar\u00e1 el pr\u00f3ximo 8 de febrero en Tetla de Solidaridad<\/p>\n<p style=\"text-align: justify;\">Con la finalidad de fomentar el desarrollo, la salud y la paz, a trav\u00e9s del deporte, Tlaxcala se une a la Clase Nacional de Box \u201cBoxeando por la Paz\u201d a realizarse de manera simult\u00e1nea en las plazas p\u00fablicas de todo el pa\u00eds, en el marco del \u201cD\u00eda Internacional del Deporte Para el Desarrollo y la Paz\u201d, el pr\u00f3ximo 6 de abril en el Centro de Atletismo \u00abUna Nueva Historia\u00bb de la Ciudad Deportiva de Alto Rendimiento Tlaxcala.<\/p>\n<p style=\"text-align: justify;\">Un proyecto impulsado por el gobierno de M\u00e9xico, a trav\u00e9s de la Direcci\u00f3n para la Promoci\u00f3n al Deporte y Bienestar (PRODEB), el Consejo Mundial de Boxeo (WBC) y en coordinaci\u00f3n con el gobierno del estado y el Instituto del Deporte de Tlaxcala (IDET), que buscan romper un r\u00e9cord mundial de la clase de boxeo m\u00e1s grande del mundo.<\/p>\n<p style=\"text-align: justify;\">Tlaxcala ser\u00e1 uno de los estados que tendr\u00e1 representaci\u00f3n en este evento de gran relevancia, por lo que se invita a la poblaci\u00f3n en general, as\u00ed como clubes, entrenadores, instituciones educativas p\u00fablicas y privadas, dependencias de gobierno y \u00f3rganos privados que gusten de la pr\u00e1ctica de boxeo a formar parte de la clase masiva, para la cual, se realizar\u00e1n dos ensayos previos a efectuarse el pr\u00f3ximo 8 de febrero a las 10:00 horas en la \u201cExplanada Plaza de las Am\u00e9ricas\u201d del municipio de Tetla de la Solidaridad; mientras que el segundo ser\u00e1 el 15 de marzo en la Unidad Deportiva de Ixtacuixtla.<\/p>\n<p style=\"text-align: justify;\">En cada uno de los ensayos la poblaci\u00f3n podr\u00e1 participar en la sesi\u00f3n de rutina de boxeo, as\u00ed como tambi\u00e9n podr\u00e1 tener la oportunidad de obtener una evaluaci\u00f3n de su salud a trav\u00e9s de pruebas de condici\u00f3n f\u00edsica, velocidad, reacci\u00f3n coordinaci\u00f3n y postura, entre otras.<\/p>\n<p style=\"text-align: justify;\">La clase masiva, est\u00e1 programada el pr\u00f3ximo 6 de abril a las 10 horas en la pista de atletismo de la Ciudad Deportiva de Alto Rendimiento ubicada en Apizaco Tlaxcala, evento que ser\u00e1 completamente gratuito, por lo que se invita a registrarse en un horario de 9:00 a 9:30 horas durante los ensayos, con la finalidad de dar inicio puntualmente a las 10:00 de la ma\u00f1ana el d\u00eda de evento.<\/p>\n<p style=\"text-align: justify;\">Se recomienda asistir con ropa c\u00f3moda y calzado deportivo, toalla facial, hidrataci\u00f3n, as\u00ed como llegar 10 minutos antes del registro, en caso de padecer alguna enfermedad se deber\u00e1 de anotar en el formato de inscripci\u00f3n.<\/p>\n","protected":false},"excerpt":{"rendered":"<p>SE SUMA TLAXCALA A CLASE NACIONAL \u00abBOXEANDO POR LA PAZ\u00bb *IDET invita a la poblaci\u00f3n a participar en el primer ensayo que se realizar\u00e1 el pr\u00f3ximo 8 de febrero en Tetla de Solidaridad Con la finalidad de fomentar el desarrollo, la salud y la paz, a trav\u00e9s del deporte, Tlaxcala se une a la Clase [&hellip;]<\/p>\n","protected":false},"author":3,"featured_media":36700,"comment_status":"open","ping_status":"open","sticky":false,"template":"","format":"standard","meta":{"footnotes":""},"categories":[5],"tags":[],"class_list":["post-36699","post","type-post","status-publish","format-standard","has-post-thumbnail","hentry","category-deportes"],"amp_enabled":true,"_links":{"self":[{"href":"https:\/\/labestiapolitica.com.mx\/index.php?rest_route=\/wp\/v2\/posts\/36699","targetHints":{"allow":["GET"]}}],"collection":[{"href":"https:\/\/labestiapolitica.com.mx\/index.php?rest_route=\/wp\/v2\/posts"}],"about":[{"href":"https:\/\/labestiapolitica.com.mx\/index.php?rest_route=\/wp\/v2\/types\/post"}],"author":[{"embeddable":true,"href":"https:\/\/labestiapolitica.com.mx\/index.php?rest_route=\/wp\/v2\/users\/3"}],"replies":[{"embeddable":true,"href":"https:\/\/labestiapolitica.com.mx\/index.php?rest_route=%2Fwp%2Fv2%2Fcomments&post=36699"}],"version-history":[{"count":1,"href":"https:\/\/labestiapolitica.com.mx\/index.php?rest_route=\/wp\/v2\/posts\/36699\/revisions"}],"predecessor-version":[{"id":36701,"href":"https:\/\/labestiapolitica.com.mx\/index.php?rest_route=\/wp\/v2\/posts\/36699\/revisions\/36701"}],"wp:featuredmedia":[{"embeddable":true,"href":"https:\/\/labestiapolitica.com.mx\/index.php?rest_route=\/wp\/v2\/media\/36700"}],"wp:attachment":[{"href":"https:\/\/labestiapolitica.com.mx\/index.php?rest_route=%2Fwp%2Fv2%2Fmedia&parent=36699"}],"wp:term":[{"taxonomy":"category","embeddable":true,"href":"https:\/\/labestiapolitica.com.mx\/index.php?rest_route=%2Fwp%2Fv2%2Fcategories&post=36699"},{"taxonomy":"post_tag","embeddable":true,"href":"https:\/\/labestiapolitica.com.mx\/index.php?rest_route=%2Fwp%2Fv2%2Ftags&post=36699"}],"curies":[{"name":"wp","href":"https:\/\/api.w.org\/{rel}","templated":true}]}}