{"id":36703,"date":"2025-02-02T22:24:03","date_gmt":"2025-02-03T04:24:03","guid":{"rendered":"https:\/\/labestiapolitica.com.mx\/?p=36703"},"modified":"2025-02-09T22:24:30","modified_gmt":"2025-02-10T04:24:30","slug":"secretaria-de-bienestar-promueve-el-desarrollo-de-inteligencia-emocional-en-personas-con-discapacidad","status":"publish","type":"post","link":"https:\/\/labestiapolitica.com.mx\/?p=36703","title":{"rendered":"SECRETAR\u00cdA DE BIENESTAR PROMUEVE EL DESARROLLO DE INTELIGENCIA EMOCIONAL EN PERSONAS CON DISCAPACIDAD"},"content":{"rendered":"<p style=\"text-align: justify;\">Con el taller \u201cExpresando mi emoci\u00f3n con arte\u201d infantes, j\u00f3venes y adultos conectaron con sus emociones y sentimientos a trav\u00e9s de actividades art\u00edsticas.<\/p>\n<p style=\"text-align: justify;\">La Secretar\u00eda de Bienestar Estatal incentiva el desarrollo de la inteligencia emocional en ni\u00f1as, ni\u00f1os, j\u00f3venes y adultos con discapacidad con talleres art\u00edsticos que buscan fortalecer las habilidades socioemocionales de los pacientes y promover su inclusi\u00f3n social.<\/p>\n<p style=\"text-align: justify;\">En el Parque Inclusivo del municipio de Tlaxco, se realiz\u00f3 el taller \u201cExpresando mi emoci\u00f3n con arte\u201d, que permiti\u00f3 a tlaxcaltecas con discapacidad conectar con sus emociones mediante din\u00e1micas y ejercicios de expresi\u00f3n art\u00edstica.<\/p>\n<p style=\"text-align: justify;\">A trav\u00e9s de la Direcci\u00f3n de Bienestar Integral, la dependencia estatal busca que ni\u00f1as, ni\u00f1os y j\u00f3venes reconozcan la importancia del autoconocimiento, la gesti\u00f3n de emociones y la creatividad en sus vidas.<\/p>\n<p style=\"text-align: justify;\">Como parte de las actividades que contempl\u00f3 el taller, los asistentes participaron en una sesi\u00f3n de \u201cMindfulness\u201d, a trav\u00e9s de la meditaci\u00f3n guiada por personal profesional de psicolog\u00eda de la dependencia, pudieron identificar c\u00f3mo se expresan las emociones en su cuerpo para, posteriormente transformarlas en colores, formas y texturas.<\/p>\n<p style=\"text-align: justify;\">Asimismo, se llevaron a cabo actividades de \u201cArte Terapia\u201d donde los infantes mejoraron la autoobservaci\u00f3n y su creatividad.<\/p>\n<p style=\"text-align: justify;\">Finalmente, se realiz\u00f3 un ejercicio de retroalimentaci\u00f3n con todos los participantes para subrayar la importancia de expresar las emociones y enviar el mensaje de que el arte puede ser un medio para sanar y conocernos mejor.<\/p>\n<p style=\"text-align: justify;\">Cabe se\u00f1alar que estas acciones forman parte de una estrategia integral que contempla el desarrollo de actividades art\u00edsticas y culturales en los cinco Parques Inclusivos que se instalaron en los municipios de Huamantla, Chiautempan, Tlaxco, San Pablo del Monte y Calpulalpan.<\/p>\n","protected":false},"excerpt":{"rendered":"<p>Con el taller \u201cExpresando mi emoci\u00f3n con arte\u201d infantes, j\u00f3venes y adultos conectaron con sus emociones y sentimientos a trav\u00e9s de actividades art\u00edsticas. La Secretar\u00eda de Bienestar Estatal incentiva el desarrollo de la inteligencia emocional en ni\u00f1as, ni\u00f1os, j\u00f3venes y adultos con discapacidad con talleres art\u00edsticos que buscan fortalecer las habilidades socioemocionales de los pacientes [&hellip;]<\/p>\n","protected":false},"author":3,"featured_media":36704,"comment_status":"open","ping_status":"open","sticky":false,"template":"","format":"standard","meta":{"footnotes":""},"categories":[12],"tags":[],"class_list":["post-36703","post","type-post","status-publish","format-standard","has-post-thumbnail","hentry","category-brujula-2026"],"amp_enabled":true,"_links":{"self":[{"href":"https:\/\/labestiapolitica.com.mx\/index.php?rest_route=\/wp\/v2\/posts\/36703","targetHints":{"allow":["GET"]}}],"collection":[{"href":"https:\/\/labestiapolitica.com.mx\/index.php?rest_route=\/wp\/v2\/posts"}],"about":[{"href":"https:\/\/labestiapolitica.com.mx\/index.php?rest_route=\/wp\/v2\/types\/post"}],"author":[{"embeddable":true,"href":"https:\/\/labestiapolitica.com.mx\/index.php?rest_route=\/wp\/v2\/users\/3"}],"replies":[{"embeddable":true,"href":"https:\/\/labestiapolitica.com.mx\/index.php?rest_route=%2Fwp%2Fv2%2Fcomments&post=36703"}],"version-history":[{"count":1,"href":"https:\/\/labestiapolitica.com.mx\/index.php?rest_route=\/wp\/v2\/posts\/36703\/revisions"}],"predecessor-version":[{"id":36705,"href":"https:\/\/labestiapolitica.com.mx\/index.php?rest_route=\/wp\/v2\/posts\/36703\/revisions\/36705"}],"wp:featuredmedia":[{"embeddable":true,"href":"https:\/\/labestiapolitica.com.mx\/index.php?rest_route=\/wp\/v2\/media\/36704"}],"wp:attachment":[{"href":"https:\/\/labestiapolitica.com.mx\/index.php?rest_route=%2Fwp%2Fv2%2Fmedia&parent=36703"}],"wp:term":[{"taxonomy":"category","embeddable":true,"href":"https:\/\/labestiapolitica.com.mx\/index.php?rest_route=%2Fwp%2Fv2%2Fcategories&post=36703"},{"taxonomy":"post_tag","embeddable":true,"href":"https:\/\/labestiapolitica.com.mx\/index.php?rest_route=%2Fwp%2Fv2%2Ftags&post=36703"}],"curies":[{"name":"wp","href":"https:\/\/api.w.org\/{rel}","templated":true}]}}