{"id":36715,"date":"2025-02-01T22:32:25","date_gmt":"2025-02-02T04:32:25","guid":{"rendered":"https:\/\/labestiapolitica.com.mx\/?p=36715"},"modified":"2025-02-09T22:32:58","modified_gmt":"2025-02-10T04:32:58","slug":"el-4-de-febrero-iniciara-proceso-de-preinscripcion-para-el-ciclo-escolar-2025-2026-en-tlaxcala","status":"publish","type":"post","link":"https:\/\/labestiapolitica.com.mx\/?p=36715","title":{"rendered":"EL 4 DE FEBRERO INICIAR\u00c1 PROCESO DE PREINSCRIPCI\u00d3N PARA EL CICLO ESCOLAR 2025-2026 EN TLAXCALA"},"content":{"rendered":"<p style=\"text-align: justify;\">\n<p style=\"text-align: justify;\">*La SEPE-USET recomienda preparar documentaci\u00f3n y realizar el proceso en tiempo y forma<\/p>\n<p style=\"text-align: justify;\">Con el objetivo de garantizar el acceso a la educaci\u00f3n para ni\u00f1as, ni\u00f1os y adolescentes, en un marco de inclusi\u00f3n y equidad, la Secretar\u00eda de Educaci\u00f3n P\u00fablica del Estado y la Unidad de Servicios Educativos del Estado de Tlaxcala (SEPE-USET), realizar\u00e1n del 4 al 14 de febrero de 2025, el proceso de preinscripci\u00f3n a educaci\u00f3n b\u00e1sica.<\/p>\n<p style=\"text-align: justify;\">El director de Planeaci\u00f3n Educativa, Omar Cuatianquiz \u00c1vila, invit\u00f3 a las madres, padres y tutores a realizar este tr\u00e1mite en tiempo y forma, para asegurar el ingreso de los estudiantes en los niveles de preescolar, primaria y secundaria, a trav\u00e9s de los siguientes requisitos.<\/p>\n<p style=\"text-align: justify;\">Preescolar primer grado, ni\u00f1as y ni\u00f1os nacidos en 2022 (3 a\u00f1os cumplidos al 31 de diciembre de 2025); segundo grado: nacidos en 2021 (4 a\u00f1os cumplidos al 31 de diciembre de 2025), nacidos en 2020, sin antecedentes escolares y tercer grado, nacidos en 2019 (6 a\u00f1os cumplidos al 31 de diciembre de 2025), sin haber cursado segundo grado.<\/p>\n<p style=\"text-align: justify;\">Para el nivel primaria, primer grado: ni\u00f1as y ni\u00f1os nacidos en 2019 (6 a\u00f1os cumplidos al 31 de diciembre de 2025), con boleta de evaluaci\u00f3n de tercer grado de preescolar; nacidos en 2018 (7 a\u00f1os cumplidos al 31 de diciembre de 2025), sin antecedentes escolares, y en secundaria general y t\u00e9cnica, ser menores de 15 a\u00f1os, y para telesecundaria menores de 16 a\u00f1os.<\/p>\n<p style=\"text-align: justify;\">Los requisitos generales para todos los niveles son los siguientes: copia del acta de nacimiento con huella dactilar, CURP certificada, identificaci\u00f3n oficial del tutor, direcci\u00f3n de correo electr\u00f3nico y n\u00famero telef\u00f3nico, as\u00ed como boleta de evaluaci\u00f3n, en los casos aplicables.<\/p>\n<p style=\"text-align: justify;\">Para consultar la convocatoria, visita esta direcci\u00f3n https:\/\/www.facebook.com\/share\/p\/19pWvk1vWW\/.<\/p>\n<p style=\"text-align: justify;\">El funcionario inform\u00f3 que para los municipios de Tetlanohcan y Mazatecochco, las preinscripciones se desarrollar\u00e1n de forma digital a trav\u00e9s del portal oficial: https:\/\/sice.septlaxcala.gob.mx\/PreRegistrationParents, del 4 al 7 de febrero para aspirantes con hermanos inscritos en la escuela de inter\u00e9s y del 10 al 14 de febrero para el resto de los interesados. Detall\u00f3 que se trata de una prueba piloto para agilizar y simplificar el procedimiento.<\/p>\n","protected":false},"excerpt":{"rendered":"<p>*La SEPE-USET recomienda preparar documentaci\u00f3n y realizar el proceso en tiempo y forma Con el objetivo de garantizar el acceso a la educaci\u00f3n para ni\u00f1as, ni\u00f1os y adolescentes, en un marco de inclusi\u00f3n y equidad, la Secretar\u00eda de Educaci\u00f3n P\u00fablica del Estado y la Unidad de Servicios Educativos del Estado de Tlaxcala (SEPE-USET), realizar\u00e1n del [&hellip;]<\/p>\n","protected":false},"author":3,"featured_media":36716,"comment_status":"open","ping_status":"open","sticky":false,"template":"","format":"standard","meta":{"footnotes":""},"categories":[12],"tags":[],"class_list":["post-36715","post","type-post","status-publish","format-standard","has-post-thumbnail","hentry","category-brujula-2026"],"amp_enabled":true,"_links":{"self":[{"href":"https:\/\/labestiapolitica.com.mx\/index.php?rest_route=\/wp\/v2\/posts\/36715","targetHints":{"allow":["GET"]}}],"collection":[{"href":"https:\/\/labestiapolitica.com.mx\/index.php?rest_route=\/wp\/v2\/posts"}],"about":[{"href":"https:\/\/labestiapolitica.com.mx\/index.php?rest_route=\/wp\/v2\/types\/post"}],"author":[{"embeddable":true,"href":"https:\/\/labestiapolitica.com.mx\/index.php?rest_route=\/wp\/v2\/users\/3"}],"replies":[{"embeddable":true,"href":"https:\/\/labestiapolitica.com.mx\/index.php?rest_route=%2Fwp%2Fv2%2Fcomments&post=36715"}],"version-history":[{"count":1,"href":"https:\/\/labestiapolitica.com.mx\/index.php?rest_route=\/wp\/v2\/posts\/36715\/revisions"}],"predecessor-version":[{"id":36717,"href":"https:\/\/labestiapolitica.com.mx\/index.php?rest_route=\/wp\/v2\/posts\/36715\/revisions\/36717"}],"wp:featuredmedia":[{"embeddable":true,"href":"https:\/\/labestiapolitica.com.mx\/index.php?rest_route=\/wp\/v2\/media\/36716"}],"wp:attachment":[{"href":"https:\/\/labestiapolitica.com.mx\/index.php?rest_route=%2Fwp%2Fv2%2Fmedia&parent=36715"}],"wp:term":[{"taxonomy":"category","embeddable":true,"href":"https:\/\/labestiapolitica.com.mx\/index.php?rest_route=%2Fwp%2Fv2%2Fcategories&post=36715"},{"taxonomy":"post_tag","embeddable":true,"href":"https:\/\/labestiapolitica.com.mx\/index.php?rest_route=%2Fwp%2Fv2%2Ftags&post=36715"}],"curies":[{"name":"wp","href":"https:\/\/api.w.org\/{rel}","templated":true}]}}