{"id":36718,"date":"2025-02-01T22:34:31","date_gmt":"2025-02-02T04:34:31","guid":{"rendered":"https:\/\/labestiapolitica.com.mx\/?p=36718"},"modified":"2025-02-09T22:34:58","modified_gmt":"2025-02-10T04:34:58","slug":"invita-sc-a-participa-en-el-taller-habita-tu-interior-a-traves-de-la-escritura","status":"publish","type":"post","link":"https:\/\/labestiapolitica.com.mx\/?p=36718","title":{"rendered":"INVITA SC A PARTICIPA EN EL TALLER \u201cHABITA TU INTERIOR\u201d, A TRAV\u00c9S DE LA ESCRITURA"},"content":{"rendered":"<p style=\"text-align: justify;\">*Explora, reflexiona y conecta con tu cuerpo en el taller \u00abHabitar el Interior\u00bb<\/p>\n<p style=\"text-align: justify;\">El Gobierno del Estado, a trav\u00e9s de la Secretar\u00eda de Cultura, te invita a participar en el taller \u00abHabitar el Interior\u00bb, una propuesta \u00fanica para explorar a trav\u00e9s de la escritura experimental las historias y memorias que habitan en nuestro cuerpo.<\/p>\n<p style=\"text-align: justify;\">Este taller, dirigido por la artista visual M\u00f3nica Tadeo, busca generar un espacio seguro para la introspecci\u00f3n, donde los participantes puedan reflexionar sobre su relaci\u00f3n consigo mismos mediante ejercicios f\u00edsicos y preguntas guiadas. Se trata de una invitaci\u00f3n a conectar con sensaciones olvidadas, escribiendo y descubri\u00e9ndonos desde un lugar c\u00e1lido y aut\u00e9ntico.<\/p>\n<p style=\"text-align: justify;\">Se llevar\u00e1 a cabo el 15 de febrero de 2024, de 1:00 pm a 3:00 pm, en el \u00e1rea de cafeter\u00eda del teatro Xicoht\u00e9ncatl, ubicado en Av. Ju\u00e1rez N. 21, centro, Tlaxcala, Tlaxcala. El cupo es limitado, por lo que se recomienda realizar la inscripci\u00f3n lo antes posible. Para inscribirse, solo necesitas tener inter\u00e9s por escribir y por conectar con tu cuerpo, no se requiere material adicional.<\/p>\n<p style=\"text-align: justify;\">\nPara m\u00e1s detalles sobre el taller, puedes consultar la convocatoria completa en las redes sociales oficiales de la Secretar\u00eda de Cultura Tlaxcala, donde tambi\u00e9n podr\u00e1s descargar el formulario de inscripci\u00f3n entero.<\/p>\n<p style=\"text-align: justify;\">\nM\u00f3nica Tadeo es artista visual cuyo trabajo explora las transformaciones de los espacios a lo largo del tiempo, utilizando la memoria y diversos medios como la fotograf\u00eda, el video y el performance. A trav\u00e9s de su arte, invita al di\u00e1logo, lo po\u00e9tico y plantea preguntas sobre las formas en que habitamos nuestro entorno. Ha participado en exposiciones y festivales internacionales y es beneficiaria del Programa de Est\u00edmulos a la Creaci\u00f3n y Desarrollo Art\u00edstico de Tlaxcala edici\u00f3n 2024.<\/p>\n","protected":false},"excerpt":{"rendered":"<p>*Explora, reflexiona y conecta con tu cuerpo en el taller \u00abHabitar el Interior\u00bb El Gobierno del Estado, a trav\u00e9s de la Secretar\u00eda de Cultura, te invita a participar en el taller \u00abHabitar el Interior\u00bb, una propuesta \u00fanica para explorar a trav\u00e9s de la escritura experimental las historias y memorias que habitan en nuestro cuerpo. Este [&hellip;]<\/p>\n","protected":false},"author":3,"featured_media":36719,"comment_status":"open","ping_status":"open","sticky":false,"template":"","format":"standard","meta":{"footnotes":""},"categories":[12],"tags":[],"class_list":["post-36718","post","type-post","status-publish","format-standard","has-post-thumbnail","hentry","category-brujula-2026"],"amp_enabled":true,"_links":{"self":[{"href":"https:\/\/labestiapolitica.com.mx\/index.php?rest_route=\/wp\/v2\/posts\/36718","targetHints":{"allow":["GET"]}}],"collection":[{"href":"https:\/\/labestiapolitica.com.mx\/index.php?rest_route=\/wp\/v2\/posts"}],"about":[{"href":"https:\/\/labestiapolitica.com.mx\/index.php?rest_route=\/wp\/v2\/types\/post"}],"author":[{"embeddable":true,"href":"https:\/\/labestiapolitica.com.mx\/index.php?rest_route=\/wp\/v2\/users\/3"}],"replies":[{"embeddable":true,"href":"https:\/\/labestiapolitica.com.mx\/index.php?rest_route=%2Fwp%2Fv2%2Fcomments&post=36718"}],"version-history":[{"count":1,"href":"https:\/\/labestiapolitica.com.mx\/index.php?rest_route=\/wp\/v2\/posts\/36718\/revisions"}],"predecessor-version":[{"id":36720,"href":"https:\/\/labestiapolitica.com.mx\/index.php?rest_route=\/wp\/v2\/posts\/36718\/revisions\/36720"}],"wp:featuredmedia":[{"embeddable":true,"href":"https:\/\/labestiapolitica.com.mx\/index.php?rest_route=\/wp\/v2\/media\/36719"}],"wp:attachment":[{"href":"https:\/\/labestiapolitica.com.mx\/index.php?rest_route=%2Fwp%2Fv2%2Fmedia&parent=36718"}],"wp:term":[{"taxonomy":"category","embeddable":true,"href":"https:\/\/labestiapolitica.com.mx\/index.php?rest_route=%2Fwp%2Fv2%2Fcategories&post=36718"},{"taxonomy":"post_tag","embeddable":true,"href":"https:\/\/labestiapolitica.com.mx\/index.php?rest_route=%2Fwp%2Fv2%2Ftags&post=36718"}],"curies":[{"name":"wp","href":"https:\/\/api.w.org\/{rel}","templated":true}]}}