{"id":36722,"date":"2025-02-01T22:36:48","date_gmt":"2025-02-02T04:36:48","guid":{"rendered":"https:\/\/labestiapolitica.com.mx\/?p=36722"},"modified":"2025-02-09T22:37:20","modified_gmt":"2025-02-10T04:37:20","slug":"procuradurias-municipales-de-proteccion-a-la-ninez-brindan-10-mil-471-atenciones","status":"publish","type":"post","link":"https:\/\/labestiapolitica.com.mx\/?p=36722","title":{"rendered":"PROCURADUR\u00cdAS MUNICIPALES DE PROTECCI\u00d3N A LA NI\u00d1EZ BRINDAN 10 MIL 471 ATENCIONES"},"content":{"rendered":"<p style=\"text-align: justify;\">*La visi\u00f3n a largo plazo es que Tlaxcala se convierta en un modelo ejemplar, donde todas las familias est\u00e9n seguras: Sedif<\/p>\n<p style=\"text-align: justify;\">El Sistema Estatal para el Desarrollo Integral de la Familia (Sedif), desde el inicio de la administraci\u00f3n que encabeza Lorena Cu\u00e9llar Cisneros, ha priorizado el compromiso de reforzar el sistema de protecci\u00f3n integral de los derechos de la ni\u00f1ez en cada municipio del estado.<\/p>\n<p style=\"text-align: justify;\">Por ello, a partir de 2022, a trav\u00e9s de un decreto, se dio paso a la creaci\u00f3n de las Procuradur\u00edas Municipales de Protecci\u00f3n de Ni\u00f1as, Ni\u00f1os y Adolescentes (NNA), en Tlaxcala, mencion\u00f3 la presidenta honor\u00edfica del Sedif, Mariana Espinosa de los Monteros Cu\u00e9llar.<\/p>\n<p style=\"text-align: justify;\">A trav\u00e9s de estas procuradur\u00edas, se detectan y atienden casos de vulneraci\u00f3n de derechos de infantes y adolescentes. Las Procuradur\u00edas Municipales de Protecci\u00f3n de NNA cuentan con un equipo interdisciplinario de psic\u00f3logos, trabajadores sociales y juristas.<\/p>\n<p style=\"text-align: justify;\">\u201cA la fecha, se han brindado 10 mil 471 atenciones a 5 mil 90 ni\u00f1as, ni\u00f1os y adolescentes, con la finalidad de garantizar un entorno seguro, justo y respetuoso. Nuestra visi\u00f3n a largo plazo es que Tlaxcala se convierta en un modelo ejemplar, donde todas las familias est\u00e9n seguras\u201d.<\/p>\n<p style=\"text-align: justify;\">Espinosa de los Monteros Cu\u00e9llar precis\u00f3 que, con el fin de fortalecer la respuesta del sistema de protecci\u00f3n, \u201cse llevaron a cabo seis mesas de trabajo en las que participaron autoridades de los tres niveles de gobierno, para asegurar que el sistema funcione de manera coordinada y eficiente. Estas mesas fueron fundamentales para generar espacios de colaboraci\u00f3n y an\u00e1lisis, donde se abordaron de forma conjunta los principales desaf\u00edos en la defensa de los derechos de la ni\u00f1ez\u201d.<\/p>\n<p style=\"text-align: justify;\">La presidenta honor\u00edfica del Sedif subray\u00f3 que, para consolidar los avances, tambi\u00e9n se organizaron capacitaciones especializadas dirigidas a los equipos multidisciplinarios de las procuradur\u00edas municipales.<\/p>\n<p style=\"text-align: justify;\">\u201cAs\u00ed como a otras autoridades involucradas en la protecci\u00f3n de la ni\u00f1ez. Estas sesiones de formaci\u00f3n, que contaron con la participaci\u00f3n de expertos federales y estatales, fueron clave para actualizar y perfeccionar los conocimientos del personal, promoviendo el intercambio de mejores pr\u00e1cticas y enfoques innovadores que optimicen la atenci\u00f3n de los casos\u201d, remarc\u00f3.<\/p>\n<p style=\"text-align: justify;\">Para Mar\u00eda Patricia L\u00f3pez Hern\u00e1ndez, garantizar los derechos de las infancias es fundamental. De ah\u00ed su inter\u00e9s para desempe\u00f1arse al frente de la Procuradur\u00eda de la defensa de NNA en Calpulalpan: \u201cTratamos de que se sientan cobijados, protegidos, entonces ese es el deber de nosotros, tal y como lo ha instruido la presidenta del Sedif, Mariana Espinosa\u201d, afirma.<\/p>\n<p style=\"text-align: justify;\">La procuradora destac\u00f3 que entre los servicios de mayor solicitud se encuentran los correspondientes a guarda y custodia, as\u00ed como el acompa\u00f1amiento ante el juez de lo familiar para la recepci\u00f3n de pensiones.<\/p>\n<p style=\"text-align: justify;\">En su desempe\u00f1o al frente de Procuradur\u00eda de la defensa de NNA, comparte que ha sido testigo de asuntos complicados, pero que siempre a trav\u00e9s del di\u00e1logo se logra el entendimiento. Es decir, padres y madres que comprenden que la parte de pareja termina, pero el parentesco padre hijo es eterno.<\/p>\n<p style=\"text-align: justify;\">\u201cTe podr\u00eda hablar de 19 casos, en los que afortunadamente cerramos bien con guarda y custodia favorables, y en com\u00fan acuerdo de ambos padres, y que tambi\u00e9n yo creo que no batall\u00f3 el Juez de lo Familiar\u201d.<\/p>\n<p style=\"text-align: justify;\">La abogada asegura que es y ser\u00e1 su deber velar por el inter\u00e9s superior de la ni\u00f1ez en su municipio \u201cpara lograr una sociedad m\u00e1s justa y equitativa en Tlaxcala\u201d.<\/p>\n","protected":false},"excerpt":{"rendered":"<p>*La visi\u00f3n a largo plazo es que Tlaxcala se convierta en un modelo ejemplar, donde todas las familias est\u00e9n seguras: Sedif El Sistema Estatal para el Desarrollo Integral de la Familia (Sedif), desde el inicio de la administraci\u00f3n que encabeza Lorena Cu\u00e9llar Cisneros, ha priorizado el compromiso de reforzar el sistema de protecci\u00f3n integral de [&hellip;]<\/p>\n","protected":false},"author":3,"featured_media":36723,"comment_status":"open","ping_status":"open","sticky":false,"template":"","format":"standard","meta":{"footnotes":""},"categories":[12],"tags":[],"class_list":["post-36722","post","type-post","status-publish","format-standard","has-post-thumbnail","hentry","category-brujula-2026"],"amp_enabled":true,"_links":{"self":[{"href":"https:\/\/labestiapolitica.com.mx\/index.php?rest_route=\/wp\/v2\/posts\/36722","targetHints":{"allow":["GET"]}}],"collection":[{"href":"https:\/\/labestiapolitica.com.mx\/index.php?rest_route=\/wp\/v2\/posts"}],"about":[{"href":"https:\/\/labestiapolitica.com.mx\/index.php?rest_route=\/wp\/v2\/types\/post"}],"author":[{"embeddable":true,"href":"https:\/\/labestiapolitica.com.mx\/index.php?rest_route=\/wp\/v2\/users\/3"}],"replies":[{"embeddable":true,"href":"https:\/\/labestiapolitica.com.mx\/index.php?rest_route=%2Fwp%2Fv2%2Fcomments&post=36722"}],"version-history":[{"count":1,"href":"https:\/\/labestiapolitica.com.mx\/index.php?rest_route=\/wp\/v2\/posts\/36722\/revisions"}],"predecessor-version":[{"id":36724,"href":"https:\/\/labestiapolitica.com.mx\/index.php?rest_route=\/wp\/v2\/posts\/36722\/revisions\/36724"}],"wp:featuredmedia":[{"embeddable":true,"href":"https:\/\/labestiapolitica.com.mx\/index.php?rest_route=\/wp\/v2\/media\/36723"}],"wp:attachment":[{"href":"https:\/\/labestiapolitica.com.mx\/index.php?rest_route=%2Fwp%2Fv2%2Fmedia&parent=36722"}],"wp:term":[{"taxonomy":"category","embeddable":true,"href":"https:\/\/labestiapolitica.com.mx\/index.php?rest_route=%2Fwp%2Fv2%2Fcategories&post=36722"},{"taxonomy":"post_tag","embeddable":true,"href":"https:\/\/labestiapolitica.com.mx\/index.php?rest_route=%2Fwp%2Fv2%2Ftags&post=36722"}],"curies":[{"name":"wp","href":"https:\/\/api.w.org\/{rel}","templated":true}]}}