{"id":36729,"date":"2025-02-09T23:07:35","date_gmt":"2025-02-10T05:07:35","guid":{"rendered":"https:\/\/labestiapolitica.com.mx\/?p=36729"},"modified":"2025-02-09T23:07:35","modified_gmt":"2025-02-10T05:07:35","slug":"rotundo-exito-la-1era-exposicion-ganadera-en-zacatelco","status":"publish","type":"post","link":"https:\/\/labestiapolitica.com.mx\/?p=36729","title":{"rendered":"Rotundo \u00e9xito la 1era. Exposici\u00f3n Ganadera en Zacatelco."},"content":{"rendered":"<p style=\"text-align: justify;\">La primera exposici\u00f3n ganadera en Zacatelco, organizada por el municipio conocido como el \u00abCoraz\u00f3n del Sur\u00bb, result\u00f3 ser un rotundo \u00e9xito. Este magno evento incluy\u00f3 no solo una muestra ganadera, sino tambi\u00e9n la exhibici\u00f3n de art\u00edculos elaborados de manera artesanal y una bendici\u00f3n de semillas.<\/p>\n<p style=\"text-align: justify;\">El Gobierno Municipal 2024-2027, a trav\u00e9s de la Direcci\u00f3n de Impulso Agropecuario, encabezada por Adriana P\u00e9rez Moreno, tiene como objetivo rescatar y promover las actividades agropecuarias, contribuyendo as\u00ed al desarrollo econ\u00f3mico del municipio. En esta actividad fueron invitados y participaron los municipios de Axocomanitla, Nat\u00edvitas, Papalotla, Xicohtzinco y Tepeyanco.<\/p>\n<p style=\"text-align: justify;\">La exposici\u00f3n cont\u00f3 con una variedad de stands gastron\u00f3micos y la exhibici\u00f3n de herramientas especializadas para las actividades del campo. Los asistentes tuvieron la oportunidad de adquirir herramientas y un tractor, destacando su importancia en el \u00e1mbito agropecuario.<\/p>\n<p style=\"text-align: justify;\">El presidente municipal Jos\u00e9 Miguel Acatzi Luna, reafirm\u00f3 su apoyo al sector agr\u00edcola, que es la segunda actividad econ\u00f3mica m\u00e1s importante del municipio, despu\u00e9s del comercio. Zacatelco se ha consolidado como un gran proveedor de cosechas, y se busca optimizar este potencial.<\/p>\n<p style=\"text-align: justify;\">Durante el evento, el titular de la Secretar\u00eda de Impulso Agropecuario (SIA), Rafael de la Pe\u00f1a Bernal, expres\u00f3 su compromiso de apoyo hacia los productores locales, resaltando el trabajo realizado por el gobierno municipal en pro del campo y la contribuci\u00f3n a futuras cooperaciones que traer\u00e1n grandes proyectos para la regi\u00f3n.<\/p>\n<p style=\"text-align: justify;\">Adem\u00e1s, se llev\u00f3 a cabo una gran rifa con premios que inclu\u00edan herramientas, lo que incentiv\u00f3 la participaci\u00f3n ciudadana y contribuy\u00f3 al \u00e9xito del evento.<\/p>\n<p style=\"text-align: justify;\">Esta exposici\u00f3n se realiz\u00f3 en el marco de la Feria Zacatelco 2025, llevada a cabo en los campos deportivos del Chatlal, y dej\u00f3 grandes expectativas para que este tipo de eventos se realicen con mayor frecuencia.<\/p>\n<p style=\"text-align: justify;\">Con el respaldo al campo y la ganader\u00eda, Zacatelco contin\u00faa creciendo gradualmente, asegurando la alimentaci\u00f3n y promoviendo el desarrollo econ\u00f3mico del municipio.<\/p>\n","protected":false},"excerpt":{"rendered":"<p>La primera exposici\u00f3n ganadera en Zacatelco, organizada por el municipio conocido como el \u00abCoraz\u00f3n del Sur\u00bb, result\u00f3 ser un rotundo \u00e9xito. Este magno evento incluy\u00f3 no solo una muestra ganadera, sino tambi\u00e9n la exhibici\u00f3n de art\u00edculos elaborados de manera artesanal y una bendici\u00f3n de semillas. El Gobierno Municipal 2024-2027, a trav\u00e9s de la Direcci\u00f3n de [&hellip;]<\/p>\n","protected":false},"author":3,"featured_media":36730,"comment_status":"open","ping_status":"open","sticky":false,"template":"","format":"standard","meta":{"footnotes":""},"categories":[12,216,217],"tags":[],"class_list":["post-36729","post","type-post","status-publish","format-standard","has-post-thumbnail","hentry","category-brujula-2026","category-municipios","category-zacatelco"],"amp_enabled":true,"_links":{"self":[{"href":"https:\/\/labestiapolitica.com.mx\/index.php?rest_route=\/wp\/v2\/posts\/36729","targetHints":{"allow":["GET"]}}],"collection":[{"href":"https:\/\/labestiapolitica.com.mx\/index.php?rest_route=\/wp\/v2\/posts"}],"about":[{"href":"https:\/\/labestiapolitica.com.mx\/index.php?rest_route=\/wp\/v2\/types\/post"}],"author":[{"embeddable":true,"href":"https:\/\/labestiapolitica.com.mx\/index.php?rest_route=\/wp\/v2\/users\/3"}],"replies":[{"embeddable":true,"href":"https:\/\/labestiapolitica.com.mx\/index.php?rest_route=%2Fwp%2Fv2%2Fcomments&post=36729"}],"version-history":[{"count":1,"href":"https:\/\/labestiapolitica.com.mx\/index.php?rest_route=\/wp\/v2\/posts\/36729\/revisions"}],"predecessor-version":[{"id":36731,"href":"https:\/\/labestiapolitica.com.mx\/index.php?rest_route=\/wp\/v2\/posts\/36729\/revisions\/36731"}],"wp:featuredmedia":[{"embeddable":true,"href":"https:\/\/labestiapolitica.com.mx\/index.php?rest_route=\/wp\/v2\/media\/36730"}],"wp:attachment":[{"href":"https:\/\/labestiapolitica.com.mx\/index.php?rest_route=%2Fwp%2Fv2%2Fmedia&parent=36729"}],"wp:term":[{"taxonomy":"category","embeddable":true,"href":"https:\/\/labestiapolitica.com.mx\/index.php?rest_route=%2Fwp%2Fv2%2Fcategories&post=36729"},{"taxonomy":"post_tag","embeddable":true,"href":"https:\/\/labestiapolitica.com.mx\/index.php?rest_route=%2Fwp%2Fv2%2Ftags&post=36729"}],"curies":[{"name":"wp","href":"https:\/\/api.w.org\/{rel}","templated":true}]}}