{"id":36735,"date":"2025-02-09T23:17:08","date_gmt":"2025-02-10T05:17:08","guid":{"rendered":"https:\/\/labestiapolitica.com.mx\/?p=36735"},"modified":"2025-03-09T22:34:56","modified_gmt":"2025-03-10T04:34:56","slug":"se-fortalece-la-infraestructura-educativa-con-importante-obra-en-el-kinder-de-guardia-2","status":"publish","type":"post","link":"https:\/\/labestiapolitica.com.mx\/?p=36735","title":{"rendered":"Zacatelco: Se fortalece la infraestructura educativa con importante obra en el Kinder de Guardia."},"content":{"rendered":"<p style=\"text-align: justify;\">El gobierno municipal de Zacatelco ha dado un paso significativo hacia el fortalecimiento de la infraestructura educativa con la construcci\u00f3n de una barda perimetral en el preescolar \u201cDesiderio Hern\u00e1ndez Xochitiotzin\u201d. Esta obra se realiz\u00f3 en coordinaci\u00f3n con los directivos de la instituci\u00f3n.<\/p>\n<p style=\"text-align: justify;\">Ubicado en el barrio de Guardia, el kinder se beneficiar\u00e1 de esta obra, que garantizar\u00e1 la seguridad y el bienestar de todas las ni\u00f1as y ni\u00f1os. El presidente municipal Jos\u00e9 Miguel Acatzi Luna, ha priorizado este proyecto para brindar una infraestructura adecuada a los estudiantes.<\/p>\n<p style=\"text-align: justify;\">Durante la entrega de la obra, el presidente Jos\u00e9 Miguel Acatzi Luna destac\u00f3 que desde el inicio de su administraci\u00f3n, esta construcci\u00f3n fue incluida en el paquete de proyectos para el periodo 2024, siendo reconocida como una obra urgente y de gran importancia.<\/p>\n<p style=\"text-align: justify;\">\u201cEsto permitir\u00e1 que nuestros peque\u00f1os puedan asistir con confianza, y los padres de familia se sientan seguros de que sus hijos estar\u00e1n protegidos. Queremos contribuir a que esta instituci\u00f3n, al igual que otras, sea escuchada, para as\u00ed trabajar en equipo\u201d, expres\u00f3 el presidente.<\/p>\n<p style=\"text-align: justify;\">Por su parte, padres de familia y maestros de la instituci\u00f3n agradecieron el apoyo de la administraci\u00f3n municipal, manifestando que el trabajo coordinado permitir\u00e1 avanzar en m\u00e1s proyectos en el futuro.<\/p>\n<p style=\"text-align: justify;\">Adem\u00e1s, los padres de familia colaboraron en la compra de pintura, mientras que el ayuntamiento brind\u00f3 apoyo en la mano de obra para la finalizaci\u00f3n y embellecimiento de la barda.<\/p>\n<p style=\"text-align: justify;\">Es importante mencionar que durante la ceremonia estuvieron presentes la S\u00edndico Nancy Ju\u00e1rez Corte, los regidores Mar\u00eda Gabriela Coca Nava y Gabriel D\u00edaz Quintero, as\u00ed como la directora de obras, Arq. Jocelyn Rojas Silva, y el presidente de la comunidad, Filiberto Gonz\u00e1lez.<\/p>\n<p style=\"text-align: justify;\">El trabajo en equipo beneficia a las instituciones educativas, dando un paso crucial para reforzar la seguridad y el desarrollo de nuestra ni\u00f1ez.<\/p>\n","protected":false},"excerpt":{"rendered":"<p>El gobierno municipal de Zacatelco ha dado un paso significativo hacia el fortalecimiento de la infraestructura educativa con la construcci\u00f3n de una barda perimetral en el preescolar \u201cDesiderio Hern\u00e1ndez Xochitiotzin\u201d. Esta obra se realiz\u00f3 en coordinaci\u00f3n con los directivos de la instituci\u00f3n. Ubicado en el barrio de Guardia, el kinder se beneficiar\u00e1 de esta obra, [&hellip;]<\/p>\n","protected":false},"author":3,"featured_media":36736,"comment_status":"open","ping_status":"open","sticky":false,"template":"","format":"standard","meta":{"footnotes":""},"categories":[12,216,217],"tags":[],"class_list":["post-36735","post","type-post","status-publish","format-standard","has-post-thumbnail","hentry","category-brujula-2026","category-municipios","category-zacatelco"],"amp_enabled":true,"_links":{"self":[{"href":"https:\/\/labestiapolitica.com.mx\/index.php?rest_route=\/wp\/v2\/posts\/36735","targetHints":{"allow":["GET"]}}],"collection":[{"href":"https:\/\/labestiapolitica.com.mx\/index.php?rest_route=\/wp\/v2\/posts"}],"about":[{"href":"https:\/\/labestiapolitica.com.mx\/index.php?rest_route=\/wp\/v2\/types\/post"}],"author":[{"embeddable":true,"href":"https:\/\/labestiapolitica.com.mx\/index.php?rest_route=\/wp\/v2\/users\/3"}],"replies":[{"embeddable":true,"href":"https:\/\/labestiapolitica.com.mx\/index.php?rest_route=%2Fwp%2Fv2%2Fcomments&post=36735"}],"version-history":[{"count":2,"href":"https:\/\/labestiapolitica.com.mx\/index.php?rest_route=\/wp\/v2\/posts\/36735\/revisions"}],"predecessor-version":[{"id":38710,"href":"https:\/\/labestiapolitica.com.mx\/index.php?rest_route=\/wp\/v2\/posts\/36735\/revisions\/38710"}],"wp:featuredmedia":[{"embeddable":true,"href":"https:\/\/labestiapolitica.com.mx\/index.php?rest_route=\/wp\/v2\/media\/36736"}],"wp:attachment":[{"href":"https:\/\/labestiapolitica.com.mx\/index.php?rest_route=%2Fwp%2Fv2%2Fmedia&parent=36735"}],"wp:term":[{"taxonomy":"category","embeddable":true,"href":"https:\/\/labestiapolitica.com.mx\/index.php?rest_route=%2Fwp%2Fv2%2Fcategories&post=36735"},{"taxonomy":"post_tag","embeddable":true,"href":"https:\/\/labestiapolitica.com.mx\/index.php?rest_route=%2Fwp%2Fv2%2Ftags&post=36735"}],"curies":[{"name":"wp","href":"https:\/\/api.w.org\/{rel}","templated":true}]}}