{"id":36741,"date":"2025-02-09T23:32:11","date_gmt":"2025-02-10T05:32:11","guid":{"rendered":"https:\/\/labestiapolitica.com.mx\/?p=36741"},"modified":"2025-02-11T21:21:57","modified_gmt":"2025-02-12T03:21:57","slug":"huamantla-pone-en-marcha-ventanilla-unica-para-mejorar-atencion-a-ciudadanos-%f0%9f%8f%9b%ef%b8%8f%f0%9f%92%bc","status":"publish","type":"post","link":"https:\/\/labestiapolitica.com.mx\/?p=36741","title":{"rendered":"Huamantla pone en marcha ventanilla \u00fanica para mejorar atenci\u00f3n a ciudadanos \ud83c\udfdb\ufe0f\ud83d\udcbc"},"content":{"rendered":"<p style=\"text-align: justify;\">Con el prop\u00f3sito de agilizar y mejorar el servicio a la ciudadan\u00eda, el Ayuntamiento de Huamantla transforma su Oficial\u00eda de Partes en una Ventanilla \u00danica de Servicios y Atenci\u00f3n Ciudadana, a partir del lunes 10 de febrero. Esta nueva medida permitir\u00e1 a los habitantes realizar diversos tr\u00e1mites en un solo lugar, como licencias de funcionamiento, actas de nacimiento, pagos de predial, entre otros.<\/p>\n<p style=\"text-align: justify;\">El Presidente Municipal, Salvador Santos Cedillo, destac\u00f3 que esta reforma busca simplificar los procedimientos, con un plazo de respuesta de 15 d\u00edas para cada solicitud, y fortaleci\u00f3 la colaboraci\u00f3n de los presidentes de comunidad para asegurar que la poblaci\u00f3n est\u00e9 bien informada sobre los requisitos y servicios disponibles. Adem\u00e1s, resalt\u00f3 la importancia de la coordinaci\u00f3n entre las \u00e1reas del Ayuntamiento y los regidores para avanzar en proyectos clave como el alumbrado p\u00fablico y el suministro de agua potable.<\/p>\n<p style=\"text-align: justify;\"><strong>Ventanilla \u00danica en Huamantla: Un Paso Clave para una Atenci\u00f3n M\u00e1s \u00c1gil y Eficiente.\u00a0<\/strong><\/p>\n<p style=\"text-align: justify;\">Con la transformaci\u00f3n de la Oficial\u00eda de Partes en una Ventanilla \u00danica de Servicios y Atenci\u00f3n Ciudadana, el Ayuntamiento de Huamantla da un paso importante en la modernizaci\u00f3n y mejora de la gesti\u00f3n p\u00fablica. Esta iniciativa permitir\u00e1 a los ciudadanos realizar tr\u00e1mites esenciales en un solo lugar, evitando traslados innecesarios y reduciendo tiempos de espera.<\/p>\n<p style=\"text-align: justify;\">Adem\u00e1s, la ventanilla \u00fanica fortalecer\u00e1 la coordinaci\u00f3n entre dependencias municipales, garantizando respuestas m\u00e1s r\u00e1pidas y transparentes. Con un plazo de resoluci\u00f3n de hasta 15 d\u00edas, los habitantes podr\u00e1n acceder de manera m\u00e1s sencilla a servicios como licencias de funcionamiento, actas de nacimiento, pagos de predial y m\u00e1s.<\/p>\n<p style=\"text-align: justify;\">Este esfuerzo, impulsado por el presidente municipal Salvador Santos Cedillo, no solo optimiza la atenci\u00f3n a la ciudadan\u00eda, sino que tambi\u00e9n fomenta una administraci\u00f3n m\u00e1s accesible y cercana a las necesidades de la poblaci\u00f3n.<\/p>\n<p><img loading=\"lazy\" decoding=\"async\" class=\"alignnone size-full wp-image-36743\" src=\"https:\/\/labestiapolitica.com.mx\/wp-content\/uploads\/2025\/02\/guaymas-2-.jpg\" alt=\"\" width=\"1000\" height=\"600\" srcset=\"https:\/\/labestiapolitica.com.mx\/wp-content\/uploads\/2025\/02\/guaymas-2-.jpg 1000w, https:\/\/labestiapolitica.com.mx\/wp-content\/uploads\/2025\/02\/guaymas-2--300x180.jpg 300w, https:\/\/labestiapolitica.com.mx\/wp-content\/uploads\/2025\/02\/guaymas-2--768x461.jpg 768w\" sizes=\"auto, (max-width: 1000px) 100vw, 1000px\" \/><\/p>\n","protected":false},"excerpt":{"rendered":"<p>Con el prop\u00f3sito de agilizar y mejorar el servicio a la ciudadan\u00eda, el Ayuntamiento de Huamantla transforma su Oficial\u00eda de Partes en una Ventanilla \u00danica de Servicios y Atenci\u00f3n Ciudadana, a partir del lunes 10 de febrero. Esta nueva medida permitir\u00e1 a los habitantes realizar diversos tr\u00e1mites en un solo lugar, como licencias de funcionamiento, [&hellip;]<\/p>\n","protected":false},"author":3,"featured_media":36742,"comment_status":"open","ping_status":"open","sticky":false,"template":"","format":"standard","meta":{"footnotes":""},"categories":[12,216],"tags":[],"class_list":["post-36741","post","type-post","status-publish","format-standard","has-post-thumbnail","hentry","category-brujula-2026","category-municipios"],"amp_enabled":true,"_links":{"self":[{"href":"https:\/\/labestiapolitica.com.mx\/index.php?rest_route=\/wp\/v2\/posts\/36741","targetHints":{"allow":["GET"]}}],"collection":[{"href":"https:\/\/labestiapolitica.com.mx\/index.php?rest_route=\/wp\/v2\/posts"}],"about":[{"href":"https:\/\/labestiapolitica.com.mx\/index.php?rest_route=\/wp\/v2\/types\/post"}],"author":[{"embeddable":true,"href":"https:\/\/labestiapolitica.com.mx\/index.php?rest_route=\/wp\/v2\/users\/3"}],"replies":[{"embeddable":true,"href":"https:\/\/labestiapolitica.com.mx\/index.php?rest_route=%2Fwp%2Fv2%2Fcomments&post=36741"}],"version-history":[{"count":1,"href":"https:\/\/labestiapolitica.com.mx\/index.php?rest_route=\/wp\/v2\/posts\/36741\/revisions"}],"predecessor-version":[{"id":36744,"href":"https:\/\/labestiapolitica.com.mx\/index.php?rest_route=\/wp\/v2\/posts\/36741\/revisions\/36744"}],"wp:featuredmedia":[{"embeddable":true,"href":"https:\/\/labestiapolitica.com.mx\/index.php?rest_route=\/wp\/v2\/media\/36742"}],"wp:attachment":[{"href":"https:\/\/labestiapolitica.com.mx\/index.php?rest_route=%2Fwp%2Fv2%2Fmedia&parent=36741"}],"wp:term":[{"taxonomy":"category","embeddable":true,"href":"https:\/\/labestiapolitica.com.mx\/index.php?rest_route=%2Fwp%2Fv2%2Fcategories&post=36741"},{"taxonomy":"post_tag","embeddable":true,"href":"https:\/\/labestiapolitica.com.mx\/index.php?rest_route=%2Fwp%2Fv2%2Ftags&post=36741"}],"curies":[{"name":"wp","href":"https:\/\/api.w.org\/{rel}","templated":true}]}}