{"id":36753,"date":"2025-02-10T14:11:13","date_gmt":"2025-02-10T20:11:13","guid":{"rendered":"https:\/\/labestiapolitica.com.mx\/?p=36753"},"modified":"2025-02-10T22:31:04","modified_gmt":"2025-02-11T04:31:04","slug":"participa-la-direccion-de-seguridad-de-panotla-en-operativo-de-seguridad-con-instancias-federales-y-estatales","status":"publish","type":"post","link":"https:\/\/labestiapolitica.com.mx\/?p=36753","title":{"rendered":"Participa la direcci\u00f3n de seguridad de #Panotla en operativo de seguridad con instancias federales y estatales."},"content":{"rendered":"<p style=\"text-align: justify;\">El Ayuntamiento de Panotla, a trav\u00e9s la Direcci\u00f3n de Seguridad P\u00fablica Municipal particip\u00f3 activamente en el \u201cOperativo ContraFuerte Zona Centro\u201d implementado en el municipio y las nueve comunidades el pasado fin de semana, con el objetivo de garantizar el bienestar de la ciudadan\u00eda y reforzar la vigilancia en puntos estrat\u00e9gicos.<\/p>\n<p style=\"text-align: justify;\">Este operativo se realiz\u00f3 en coordinaci\u00f3n con distintas instancias de seguridad federal y estatal como la Marina, Guardia Nacional, Defensa Nacional, Pol\u00edcia Estatal y Polic\u00eda Municipal, el trabajo coordinado y la presencia policial brindan mayor tranquilidad a las familias de Panotla. Durante el operativo, se llevaron a cabo recorridos de vigilancia, filtros de seguridad y acciones preventivas para reducir la incidencia delictiva.<\/p>\n<p style=\"text-align: justify;\">Por su parte, el Presidente Municipal Idelfonso Carro Rold\u00e1n estuvo en todo momento pendiente a estos operativos y supervisando en los puntos estrat\u00e9gicos que fueron instalados estos filtros.<\/p>\n<p style=\"text-align: justify;\">Con estas acciones el Ayuntamiento de Panotla reafirma su compromiso con la seguridad y el orden p\u00fablico, trabajando continuamente para mejorar las condiciones de protecci\u00f3n en la comunidad.<\/p>\n<p style=\"text-align: justify;\">\u00a1Seguimos trabajando por un Panotla seguro para todos!<\/p>\n","protected":false},"excerpt":{"rendered":"<p>El Ayuntamiento de Panotla, a trav\u00e9s la Direcci\u00f3n de Seguridad P\u00fablica Municipal particip\u00f3 activamente en el \u201cOperativo ContraFuerte Zona Centro\u201d implementado en el municipio y las nueve comunidades el pasado fin de semana, con el objetivo de garantizar el bienestar de la ciudadan\u00eda y reforzar la vigilancia en puntos estrat\u00e9gicos. Este operativo se realiz\u00f3 en [&hellip;]<\/p>\n","protected":false},"author":3,"featured_media":36754,"comment_status":"open","ping_status":"open","sticky":false,"template":"","format":"standard","meta":{"footnotes":""},"categories":[12,216,237],"tags":[],"class_list":["post-36753","post","type-post","status-publish","format-standard","has-post-thumbnail","hentry","category-brujula-2026","category-municipios","category-panotla"],"amp_enabled":true,"_links":{"self":[{"href":"https:\/\/labestiapolitica.com.mx\/index.php?rest_route=\/wp\/v2\/posts\/36753","targetHints":{"allow":["GET"]}}],"collection":[{"href":"https:\/\/labestiapolitica.com.mx\/index.php?rest_route=\/wp\/v2\/posts"}],"about":[{"href":"https:\/\/labestiapolitica.com.mx\/index.php?rest_route=\/wp\/v2\/types\/post"}],"author":[{"embeddable":true,"href":"https:\/\/labestiapolitica.com.mx\/index.php?rest_route=\/wp\/v2\/users\/3"}],"replies":[{"embeddable":true,"href":"https:\/\/labestiapolitica.com.mx\/index.php?rest_route=%2Fwp%2Fv2%2Fcomments&post=36753"}],"version-history":[{"count":1,"href":"https:\/\/labestiapolitica.com.mx\/index.php?rest_route=\/wp\/v2\/posts\/36753\/revisions"}],"predecessor-version":[{"id":36755,"href":"https:\/\/labestiapolitica.com.mx\/index.php?rest_route=\/wp\/v2\/posts\/36753\/revisions\/36755"}],"wp:featuredmedia":[{"embeddable":true,"href":"https:\/\/labestiapolitica.com.mx\/index.php?rest_route=\/wp\/v2\/media\/36754"}],"wp:attachment":[{"href":"https:\/\/labestiapolitica.com.mx\/index.php?rest_route=%2Fwp%2Fv2%2Fmedia&parent=36753"}],"wp:term":[{"taxonomy":"category","embeddable":true,"href":"https:\/\/labestiapolitica.com.mx\/index.php?rest_route=%2Fwp%2Fv2%2Fcategories&post=36753"},{"taxonomy":"post_tag","embeddable":true,"href":"https:\/\/labestiapolitica.com.mx\/index.php?rest_route=%2Fwp%2Fv2%2Ftags&post=36753"}],"curies":[{"name":"wp","href":"https:\/\/api.w.org\/{rel}","templated":true}]}}