{"id":36766,"date":"2025-02-10T15:06:11","date_gmt":"2025-02-10T21:06:11","guid":{"rendered":"https:\/\/labestiapolitica.com.mx\/?p=36766"},"modified":"2025-02-10T15:08:08","modified_gmt":"2025-02-10T21:08:08","slug":"36766","status":"publish","type":"post","link":"https:\/\/labestiapolitica.com.mx\/?p=36766","title":{"rendered":"Ni\u00f1os de Tocatl\u00e1n se preparan para el Carnaval 2025 \ud83c\udfad\u2728"},"content":{"rendered":"<p>El pasado viernes, en la Presidencia Municipal de Tocatl\u00e1n, se llev\u00f3 a cabo el ensayo de la Camada Infantil 2025, donde los peque\u00f1os bailarines contin\u00faan prepar\u00e1ndose para las festividades del carnaval. Con entusiasmo y energ\u00eda, los participantes mostraron avances en sus coreograf\u00edas, reafirmando el compromiso de preservar esta tradici\u00f3n cultural. Autoridades locales y familiares estuvieron presentes para apoyar a los ni\u00f1os, quienes afinan detalles de su presentaci\u00f3n.<\/p>\n","protected":false},"excerpt":{"rendered":"<p>El pasado viernes, en la Presidencia Municipal de Tocatl\u00e1n, se llev\u00f3 a cabo el ensayo de la Camada Infantil 2025, donde los peque\u00f1os bailarines contin\u00faan prepar\u00e1ndose para las festividades del carnaval. Con entusiasmo y energ\u00eda, los participantes mostraron avances en sus coreograf\u00edas, reafirmando el compromiso de preservar esta tradici\u00f3n cultural. Autoridades locales y familiares estuvieron [&hellip;]<\/p>\n","protected":false},"author":3,"featured_media":36770,"comment_status":"open","ping_status":"open","sticky":false,"template":"","format":"standard","meta":{"footnotes":""},"categories":[7,216,221],"tags":[],"class_list":["post-36766","post","type-post","status-publish","format-standard","has-post-thumbnail","hentry","category-ciudadanos","category-municipios","category-tocatlan"],"amp_enabled":true,"_links":{"self":[{"href":"https:\/\/labestiapolitica.com.mx\/index.php?rest_route=\/wp\/v2\/posts\/36766","targetHints":{"allow":["GET"]}}],"collection":[{"href":"https:\/\/labestiapolitica.com.mx\/index.php?rest_route=\/wp\/v2\/posts"}],"about":[{"href":"https:\/\/labestiapolitica.com.mx\/index.php?rest_route=\/wp\/v2\/types\/post"}],"author":[{"embeddable":true,"href":"https:\/\/labestiapolitica.com.mx\/index.php?rest_route=\/wp\/v2\/users\/3"}],"replies":[{"embeddable":true,"href":"https:\/\/labestiapolitica.com.mx\/index.php?rest_route=%2Fwp%2Fv2%2Fcomments&post=36766"}],"version-history":[{"count":3,"href":"https:\/\/labestiapolitica.com.mx\/index.php?rest_route=\/wp\/v2\/posts\/36766\/revisions"}],"predecessor-version":[{"id":36768,"href":"https:\/\/labestiapolitica.com.mx\/index.php?rest_route=\/wp\/v2\/posts\/36766\/revisions\/36768"}],"wp:featuredmedia":[{"embeddable":true,"href":"https:\/\/labestiapolitica.com.mx\/index.php?rest_route=\/wp\/v2\/media\/36770"}],"wp:attachment":[{"href":"https:\/\/labestiapolitica.com.mx\/index.php?rest_route=%2Fwp%2Fv2%2Fmedia&parent=36766"}],"wp:term":[{"taxonomy":"category","embeddable":true,"href":"https:\/\/labestiapolitica.com.mx\/index.php?rest_route=%2Fwp%2Fv2%2Fcategories&post=36766"},{"taxonomy":"post_tag","embeddable":true,"href":"https:\/\/labestiapolitica.com.mx\/index.php?rest_route=%2Fwp%2Fv2%2Ftags&post=36766"}],"curies":[{"name":"wp","href":"https:\/\/api.w.org\/{rel}","templated":true}]}}