{"id":36773,"date":"2025-02-10T15:13:06","date_gmt":"2025-02-10T21:13:06","guid":{"rendered":"https:\/\/labestiapolitica.com.mx\/?p=36773"},"modified":"2025-02-10T15:49:57","modified_gmt":"2025-02-10T21:49:57","slug":"36773","status":"publish","type":"post","link":"https:\/\/labestiapolitica.com.mx\/?p=36773","title":{"rendered":"Cronista municipal resalta las maravillas arquitect\u00f3nicas de Totolac."},"content":{"rendered":"<div class=\"xdj266r x11i5rnm xat24cr x1mh8g0r x1vvkbs x126k92a\">\n<div dir=\"auto\" style=\"text-align: justify;\">Como parte de la campa\u00f1a de promoci\u00f3n a las riquezas culturales, hist\u00f3ricas y arquitect\u00f3nicas de Totolac, el Cronista Municipal: \ud835\uddd4\ud835\uddfb\ud835\ude01\ud835\uddfc\ud835\uddfb\ud835\uddf6\ud835\uddfc \ud835\udde3\u00e9\ud835\uddff\ud835\uddf2\ud835\ude07 \ud835\udddd\ud835\uddf6\ud835\uddfa\u00e9\ud835\uddfb\ud835\uddf2\ud835\ude07, realizo un recorrido por la Parroquia de San Juan Bautista, destacando el \ud835\ude03\ud835\uddee\ud835\uddf9\ud835\uddfc\ud835\uddff \ud835\uddfe\ud835\ude02\ud835\uddf2 \ud835\uddfd\ud835\uddfc\ud835\ude00\ud835\uddf2\ud835\uddf2 \ud835\uddf2\ud835\uddf9 \u00f3\ud835\uddff\ud835\uddf4\ud835\uddee\ud835\uddfb\ud835\uddfc \ud835\uddf1\ud835\uddf2\ud835\uddf9 \ud835\uddee\u00f1\ud835\uddfc \ud835\udfed\ud835\udff4\ud835\udfee\ud835\udfec, que se encuentra en la zona del coro.<\/div>\n<\/div>\n<div class=\"x11i5rnm xat24cr x1mh8g0r x1vvkbs xtlvy1s x126k92a\">\n<div dir=\"auto\" style=\"text-align: justify;\">Dicha pieza dedicada a la interpretaci\u00f3n de salmos y coros sacros, tiene m\u00e1s de \ud835\udfee\ud835\udfec\ud835\udfec \ud835\uddee\u00f1\ud835\uddfc\ud835\ude00 \ud835\ude06 \ud835\uddf0\ud835\uddfc\ud835\uddfb\ud835\ude00\ud835\uddf2\ud835\uddff\ud835\ude03\ud835\uddee \ud835\ude02\ud835\uddfb\ud835\uddee \ud835\uddf9\u00ed\ud835\uddfb\ud835\uddf2\ud835\uddee \ud835\uddf1\ud835\uddf2 \ud835\uddf1\ud835\uddf6\ud835\ude00\ud835\uddf2\u00f1\ud835\uddfc \ud835\uddf1\ud835\uddf2 \ud835\uddf2\ud835\ude00\ud835\ude01\ud835\uddf6\ud835\uddf9\ud835\uddfc \ud835\uddef\ud835\uddee\ud835\uddff\ud835\uddff\ud835\uddfc\ud835\uddf0\ud835\uddfc, que permite conocer las expresiones art\u00edsticas religiosas de esa \u00e9poca, abonando al acervo cultural, hist\u00f3rico y sacro de Totolac; en pr\u00f3ximos d\u00edas se pondr\u00e1 en marcha una \ud835\uddf0\ud835\uddee\ud835\uddfa\ud835\uddfd\ud835\uddee\u00f1\ud835\uddee \ud835\ude01\ud835\ude02\ud835\uddff\u00ed\ud835\ude00\ud835\ude01\ud835\uddf6\ud835\uddf0\ud835\uddee \ud835\uddf2\ud835\uddfb \ud835\uddf2\ud835\uddf9 \ud835\uddfa\ud835\uddee\ud835\uddff\ud835\uddf0\ud835\uddfc \ud835\uddf1\ud835\uddf2\ud835\uddf9 \ud835\uddf0\ud835\uddee\ud835\uddff\ud835\uddfb\ud835\uddee\ud835\ude03\ud835\uddee\ud835\uddf9 \ud835\udfee\ud835\udfec\ud835\udfee\ud835\udff1, para que las y los visitantes puedan explorar todas las bondades de nuestro municipio.<\/div>\n<\/div>\n<div dir=\"auto\"><\/div>\n<div dir=\"auto\"><img loading=\"lazy\" decoding=\"async\" class=\"alignnone size-full wp-image-28405\" src=\"https:\/\/labestiapolitica.com.mx\/wp-content\/uploads\/2024\/06\/U-NOVA-y-se-diferente.png\" alt=\"\" width=\"1000\" height=\"600\" srcset=\"https:\/\/labestiapolitica.com.mx\/wp-content\/uploads\/2024\/06\/U-NOVA-y-se-diferente.png 1000w, https:\/\/labestiapolitica.com.mx\/wp-content\/uploads\/2024\/06\/U-NOVA-y-se-diferente-300x180.png 300w, https:\/\/labestiapolitica.com.mx\/wp-content\/uploads\/2024\/06\/U-NOVA-y-se-diferente-768x461.png 768w\" sizes=\"auto, (max-width: 1000px) 100vw, 1000px\" \/><\/div>\n","protected":false},"excerpt":{"rendered":"<p>Como parte de la campa\u00f1a de promoci\u00f3n a las riquezas culturales, hist\u00f3ricas y arquitect\u00f3nicas de Totolac, el Cronista Municipal: \ud835\uddd4\ud835\uddfb\ud835\ude01\ud835\uddfc\ud835\uddfb\ud835\uddf6\ud835\uddfc \ud835\udde3\u00e9\ud835\uddff\ud835\uddf2\ud835\ude07 \ud835\udddd\ud835\uddf6\ud835\uddfa\u00e9\ud835\uddfb\ud835\uddf2\ud835\ude07, realizo un recorrido por la Parroquia de San Juan Bautista, destacando el \ud835\ude03\ud835\uddee\ud835\uddf9\ud835\uddfc\ud835\uddff \ud835\uddfe\ud835\ude02\ud835\uddf2 \ud835\uddfd\ud835\uddfc\ud835\ude00\ud835\uddf2\ud835\uddf2 \ud835\uddf2\ud835\uddf9 \u00f3\ud835\uddff\ud835\uddf4\ud835\uddee\ud835\uddfb\ud835\uddfc \ud835\uddf1\ud835\uddf2\ud835\uddf9 \ud835\uddee\u00f1\ud835\uddfc \ud835\udfed\ud835\udff4\ud835\udfee\ud835\udfec, que se encuentra en la zona del coro. Dicha pieza dedicada a la [&hellip;]<\/p>\n","protected":false},"author":3,"featured_media":36785,"comment_status":"open","ping_status":"open","sticky":false,"template":"","format":"standard","meta":{"footnotes":""},"categories":[215,216,225],"tags":[],"class_list":["post-36773","post","type-post","status-publish","format-standard","has-post-thumbnail","hentry","category-chiautempan","category-municipios","category-totolac"],"amp_enabled":true,"_links":{"self":[{"href":"https:\/\/labestiapolitica.com.mx\/index.php?rest_route=\/wp\/v2\/posts\/36773","targetHints":{"allow":["GET"]}}],"collection":[{"href":"https:\/\/labestiapolitica.com.mx\/index.php?rest_route=\/wp\/v2\/posts"}],"about":[{"href":"https:\/\/labestiapolitica.com.mx\/index.php?rest_route=\/wp\/v2\/types\/post"}],"author":[{"embeddable":true,"href":"https:\/\/labestiapolitica.com.mx\/index.php?rest_route=\/wp\/v2\/users\/3"}],"replies":[{"embeddable":true,"href":"https:\/\/labestiapolitica.com.mx\/index.php?rest_route=%2Fwp%2Fv2%2Fcomments&post=36773"}],"version-history":[{"count":3,"href":"https:\/\/labestiapolitica.com.mx\/index.php?rest_route=\/wp\/v2\/posts\/36773\/revisions"}],"predecessor-version":[{"id":36786,"href":"https:\/\/labestiapolitica.com.mx\/index.php?rest_route=\/wp\/v2\/posts\/36773\/revisions\/36786"}],"wp:featuredmedia":[{"embeddable":true,"href":"https:\/\/labestiapolitica.com.mx\/index.php?rest_route=\/wp\/v2\/media\/36785"}],"wp:attachment":[{"href":"https:\/\/labestiapolitica.com.mx\/index.php?rest_route=%2Fwp%2Fv2%2Fmedia&parent=36773"}],"wp:term":[{"taxonomy":"category","embeddable":true,"href":"https:\/\/labestiapolitica.com.mx\/index.php?rest_route=%2Fwp%2Fv2%2Fcategories&post=36773"},{"taxonomy":"post_tag","embeddable":true,"href":"https:\/\/labestiapolitica.com.mx\/index.php?rest_route=%2Fwp%2Fv2%2Ftags&post=36773"}],"curies":[{"name":"wp","href":"https:\/\/api.w.org\/{rel}","templated":true}]}}