{"id":36792,"date":"2025-02-10T16:04:52","date_gmt":"2025-02-10T22:04:52","guid":{"rendered":"https:\/\/labestiapolitica.com.mx\/?p=36792"},"modified":"2025-02-10T16:06:02","modified_gmt":"2025-02-10T22:06:02","slug":"%f0%9f%a5%b3-miguel-angel-caballero-yonca-un-nuevo-espacio-para-la-transformacion-en-tlaxcala-%f0%9f%8e%8a","status":"publish","type":"post","link":"https:\/\/labestiapolitica.com.mx\/?p=36792","title":{"rendered":"\ud83e\udd73 Miguel \u00c1ngel Caballero Yonca: \u00a1Un nuevo espacio para la transformaci\u00f3n en Tlaxcala! \ud83c\udf8a"},"content":{"rendered":"<p style=\"text-align: justify;\">Hoy tuve el honor de acompa\u00f1ar a mis compa\u00f1eras y compa\u00f1eros de Morena Tlaxcala en la inauguraci\u00f3n de nuestras nuevas instalaciones, un lugar que ser\u00e1 punto de encuentro para la militancia y para todas y todos los ciudadanos que conf\u00edan en este movimiento. Aqu\u00ed seguiremos organiz\u00e1ndonos y trabajando con el mismo compromiso de siempre: servir al pueblo.<br \/>\nNos acompa\u00f1\u00f3, la gobernadora Lorena Cu\u00e9llar, quien, junto a nuestra presidenta del Comit\u00e9, Marcela Gonz\u00e1lez Castillo, la secretaria nacional de comunicaci\u00f3n, Camila Mart\u00ednez Guti\u00e9rrez, y los integrantes del Consejo Estatal, realizamos el corte de list\u00f3n que marca el inicio de esta nueva etapa.<br \/>\nEste logro es de todas y todos. \u00a1Sigamos adelante, construyendo el futuro con esperanza y unidad! \u2764\ufe0f<\/p>\n<p>&nbsp;<\/p>\n<p><img loading=\"lazy\" decoding=\"async\" class=\"alignnone size-full wp-image-28405\" src=\"https:\/\/labestiapolitica.com.mx\/wp-content\/uploads\/2024\/06\/U-NOVA-y-se-diferente.png\" alt=\"\" width=\"1000\" height=\"600\" srcset=\"https:\/\/labestiapolitica.com.mx\/wp-content\/uploads\/2024\/06\/U-NOVA-y-se-diferente.png 1000w, https:\/\/labestiapolitica.com.mx\/wp-content\/uploads\/2024\/06\/U-NOVA-y-se-diferente-300x180.png 300w, https:\/\/labestiapolitica.com.mx\/wp-content\/uploads\/2024\/06\/U-NOVA-y-se-diferente-768x461.png 768w\" sizes=\"auto, (max-width: 1000px) 100vw, 1000px\" \/><\/p>\n<p>&nbsp;<\/p>\n","protected":false},"excerpt":{"rendered":"<p>Hoy tuve el honor de acompa\u00f1ar a mis compa\u00f1eras y compa\u00f1eros de Morena Tlaxcala en la inauguraci\u00f3n de nuestras nuevas instalaciones, un lugar que ser\u00e1 punto de encuentro para la militancia y para todas y todos los ciudadanos que conf\u00edan en este movimiento. Aqu\u00ed seguiremos organiz\u00e1ndonos y trabajando con el mismo compromiso de siempre: servir [&hellip;]<\/p>\n","protected":false},"author":3,"featured_media":36794,"comment_status":"open","ping_status":"open","sticky":false,"template":"","format":"standard","meta":{"footnotes":""},"categories":[229,7,224],"tags":[],"class_list":["post-36792","post","type-post","status-publish","format-standard","has-post-thumbnail","hentry","category-camara-de-diputados","category-ciudadanos","category-congreso-del-estado-de-tlaxcala"],"amp_enabled":true,"_links":{"self":[{"href":"https:\/\/labestiapolitica.com.mx\/index.php?rest_route=\/wp\/v2\/posts\/36792","targetHints":{"allow":["GET"]}}],"collection":[{"href":"https:\/\/labestiapolitica.com.mx\/index.php?rest_route=\/wp\/v2\/posts"}],"about":[{"href":"https:\/\/labestiapolitica.com.mx\/index.php?rest_route=\/wp\/v2\/types\/post"}],"author":[{"embeddable":true,"href":"https:\/\/labestiapolitica.com.mx\/index.php?rest_route=\/wp\/v2\/users\/3"}],"replies":[{"embeddable":true,"href":"https:\/\/labestiapolitica.com.mx\/index.php?rest_route=%2Fwp%2Fv2%2Fcomments&post=36792"}],"version-history":[{"count":3,"href":"https:\/\/labestiapolitica.com.mx\/index.php?rest_route=\/wp\/v2\/posts\/36792\/revisions"}],"predecessor-version":[{"id":36796,"href":"https:\/\/labestiapolitica.com.mx\/index.php?rest_route=\/wp\/v2\/posts\/36792\/revisions\/36796"}],"wp:featuredmedia":[{"embeddable":true,"href":"https:\/\/labestiapolitica.com.mx\/index.php?rest_route=\/wp\/v2\/media\/36794"}],"wp:attachment":[{"href":"https:\/\/labestiapolitica.com.mx\/index.php?rest_route=%2Fwp%2Fv2%2Fmedia&parent=36792"}],"wp:term":[{"taxonomy":"category","embeddable":true,"href":"https:\/\/labestiapolitica.com.mx\/index.php?rest_route=%2Fwp%2Fv2%2Fcategories&post=36792"},{"taxonomy":"post_tag","embeddable":true,"href":"https:\/\/labestiapolitica.com.mx\/index.php?rest_route=%2Fwp%2Fv2%2Ftags&post=36792"}],"curies":[{"name":"wp","href":"https:\/\/api.w.org\/{rel}","templated":true}]}}