{"id":36803,"date":"2025-02-10T16:41:50","date_gmt":"2025-02-10T22:41:50","guid":{"rendered":"https:\/\/labestiapolitica.com.mx\/?p=36803"},"modified":"2025-02-10T16:41:50","modified_gmt":"2025-02-10T22:41:50","slug":"refuerza-gobierno-de-alfonso-sanchez-garcia-acciones-para-combatir-la-delincuencia-y-prevenir-el-delito","status":"publish","type":"post","link":"https:\/\/labestiapolitica.com.mx\/?p=36803","title":{"rendered":"Refuerza Gobierno de Alfonso S\u00e1nchez Garc\u00eda acciones para combatir la delincuencia y prevenir el delito."},"content":{"rendered":"<p style=\"text-align: justify;\">\u2022En las primeras dos semanas de febrero, solo se registr\u00f3 un incidente relacionado al robo de veh\u00edculos y se han recuperado cuatro automotores gracias a los operativos estrat\u00e9gicos implementados por la Direcci\u00f3n de Seguridad Municipal<\/p>\n<p style=\"text-align: justify;\">El Gobierno Municipal de Tlaxcala de Xicoht\u00e9ncatl, encabezado por el alcalde Alfonso S\u00e1nchez Garc\u00eda, a trav\u00e9s de la Direcci\u00f3n de Seguridad Ciudadana y Movilidad, contin\u00faa implementando acciones contundentes en el combate a la delincuencia y la prevenci\u00f3n del delito, con el firme prop\u00f3sito de generar un ambiente de bienestar y paz para las y los ciudadanos del municipio.<\/p>\n<p style=\"text-align: justify;\">Como resultado de estas acciones, en lo que va del mes de febrero solo se ha registrado un incidente de robo de veh\u00edculo en la localidad de Loma Xicoht\u00e9ncatl, que correspondi\u00f3 a una camioneta perteneciente al municipio de Xicohtzinco, reflejando as\u00ed una notable reducci\u00f3n en comparaci\u00f3n con el mes anterior.<\/p>\n<p style=\"text-align: justify;\">Adem\u00e1s, gracias a los operativos estrat\u00e9gicos, en el mes de enero se lograron recuperar un total de cuatro veh\u00edculos. Entre ellos se encuentran modelos de las marcas Chevrolet Beat, Blazer, S10, Pickup, as\u00ed como Nissan Versa, Sentra, Tsuru y March.<\/p>\n<p style=\"text-align: justify;\">Asimismo, en los operativos para inhibir el robo de veh\u00edculos en puntos estrat\u00e9gicos del territorio municipal, se detect\u00f3 un auto Volkswagen tipo sed\u00e1n con numeraci\u00f3n alterada, localizado en la Avenida Puebla de la comunidad de San Hip\u00f3lito Chimalpa.<\/p>\n<p style=\"text-align: justify;\">El Ayuntamiento de Tlaxcala refuerza su compromiso con la seguridad de la poblaci\u00f3n, basando su estrategia en informaci\u00f3n fidedigna proporcionada por el servicio de emergencias 911 a trav\u00e9s del Centro de Atenci\u00f3n de Emergencias (CAD), as\u00ed como en los reportes del n\u00famero de emergencias municipal y la colaboraci\u00f3n de los 612 Comit\u00e9s de Vecinos Vigilantes.<\/p>\n<p style=\"text-align: justify;\">A la par de estas labores, se trabaja en estrecha coordinaci\u00f3n con el Secretariado Ejecutivo del Sistema Estatal de Seguridad P\u00fablica (SESESP) para el an\u00e1lisis y seguimiento de estos casos.<\/p>\n<p style=\"text-align: justify;\">El Gobierno Municipal de Tlaxcala reitera su compromiso con la seguridad y bienestar de la ciudadan\u00eda, exhortando a la poblaci\u00f3n a continuar colaborando con las autoridades mediante la denuncia y la participaci\u00f3n en los Comit\u00e9s de Vecinos Vigilantes. A trav\u00e9s de acciones coordinadas y una respuesta inmediata, seguimos trabajando por un municipio m\u00e1s seguro.<\/p>\n<p>&nbsp;<\/p>\n<p><img loading=\"lazy\" decoding=\"async\" class=\"alignnone size-full wp-image-28405\" src=\"https:\/\/labestiapolitica.com.mx\/wp-content\/uploads\/2024\/06\/U-NOVA-y-se-diferente.png\" alt=\"\" width=\"1000\" height=\"600\" srcset=\"https:\/\/labestiapolitica.com.mx\/wp-content\/uploads\/2024\/06\/U-NOVA-y-se-diferente.png 1000w, https:\/\/labestiapolitica.com.mx\/wp-content\/uploads\/2024\/06\/U-NOVA-y-se-diferente-300x180.png 300w, https:\/\/labestiapolitica.com.mx\/wp-content\/uploads\/2024\/06\/U-NOVA-y-se-diferente-768x461.png 768w\" sizes=\"auto, (max-width: 1000px) 100vw, 1000px\" \/><\/p>\n","protected":false},"excerpt":{"rendered":"<p>\u2022En las primeras dos semanas de febrero, solo se registr\u00f3 un incidente relacionado al robo de veh\u00edculos y se han recuperado cuatro automotores gracias a los operativos estrat\u00e9gicos implementados por la Direcci\u00f3n de Seguridad Municipal El Gobierno Municipal de Tlaxcala de Xicoht\u00e9ncatl, encabezado por el alcalde Alfonso S\u00e1nchez Garc\u00eda, a trav\u00e9s de la Direcci\u00f3n de [&hellip;]<\/p>\n","protected":false},"author":3,"featured_media":36804,"comment_status":"open","ping_status":"open","sticky":false,"template":"","format":"standard","meta":{"footnotes":""},"categories":[12,216,214],"tags":[],"class_list":["post-36803","post","type-post","status-publish","format-standard","has-post-thumbnail","hentry","category-brujula-2026","category-municipios","category-tlaxcala-capital"],"amp_enabled":true,"_links":{"self":[{"href":"https:\/\/labestiapolitica.com.mx\/index.php?rest_route=\/wp\/v2\/posts\/36803","targetHints":{"allow":["GET"]}}],"collection":[{"href":"https:\/\/labestiapolitica.com.mx\/index.php?rest_route=\/wp\/v2\/posts"}],"about":[{"href":"https:\/\/labestiapolitica.com.mx\/index.php?rest_route=\/wp\/v2\/types\/post"}],"author":[{"embeddable":true,"href":"https:\/\/labestiapolitica.com.mx\/index.php?rest_route=\/wp\/v2\/users\/3"}],"replies":[{"embeddable":true,"href":"https:\/\/labestiapolitica.com.mx\/index.php?rest_route=%2Fwp%2Fv2%2Fcomments&post=36803"}],"version-history":[{"count":1,"href":"https:\/\/labestiapolitica.com.mx\/index.php?rest_route=\/wp\/v2\/posts\/36803\/revisions"}],"predecessor-version":[{"id":36805,"href":"https:\/\/labestiapolitica.com.mx\/index.php?rest_route=\/wp\/v2\/posts\/36803\/revisions\/36805"}],"wp:featuredmedia":[{"embeddable":true,"href":"https:\/\/labestiapolitica.com.mx\/index.php?rest_route=\/wp\/v2\/media\/36804"}],"wp:attachment":[{"href":"https:\/\/labestiapolitica.com.mx\/index.php?rest_route=%2Fwp%2Fv2%2Fmedia&parent=36803"}],"wp:term":[{"taxonomy":"category","embeddable":true,"href":"https:\/\/labestiapolitica.com.mx\/index.php?rest_route=%2Fwp%2Fv2%2Fcategories&post=36803"},{"taxonomy":"post_tag","embeddable":true,"href":"https:\/\/labestiapolitica.com.mx\/index.php?rest_route=%2Fwp%2Fv2%2Ftags&post=36803"}],"curies":[{"name":"wp","href":"https:\/\/api.w.org\/{rel}","templated":true}]}}