{"id":36809,"date":"2025-02-10T16:50:41","date_gmt":"2025-02-10T22:50:41","guid":{"rendered":"https:\/\/labestiapolitica.com.mx\/?p=36809"},"modified":"2025-02-10T16:50:41","modified_gmt":"2025-02-10T22:50:41","slug":"inicio-programa-viviendas-fuertes-en-zacatelco-en-pro-de-la-economia-familiar","status":"publish","type":"post","link":"https:\/\/labestiapolitica.com.mx\/?p=36809","title":{"rendered":"Inicio programa \u201cViviendas Fuertes\u201d en Zacatelco en pro de la econom\u00eda familiar."},"content":{"rendered":"<p style=\"text-align: justify;\">El programa \u201cViviendas Fuertes\u201d tiene como objetivo ofrecer electrodom\u00e9sticos a bajo costo en Zacatelco, a trav\u00e9s de la Direcci\u00f3n de Bienestar Sustentable del municipio. Esta iniciativa busca mejorar la econom\u00eda familiar y proporcionar herramientas esenciales para el hogar de la poblaci\u00f3n.<\/p>\n<p style=\"text-align: justify;\">La campa\u00f1a dirigida por la titular Patricia Herrer\u00edas Meneses, ofrece a los ciudadanos la oportunidad de adquirir electrodom\u00e9sticos a precios accesibles. El Gobierno Municipal, encabezado por el presidente Jos\u00e9 Miguel Acatzi Luna, reafirma su compromiso de acercar beneficios a la comunidad, priorizando la mejora de la calidad de vida y la construcci\u00f3n de viviendas m\u00e1s fuertes.<\/p>\n<p style=\"text-align: justify;\">Esta estar\u00e1 disponible a partir de la fecha de publicaci\u00f3n de esta convocatoria. Para participar, los interesados deber\u00e1n presentar dos copias de una identificaci\u00f3n oficial (INE), dos copias del CURP y dos copias de un comprobante de domicilio, que no debe tener m\u00e1s de tres meses de antig\u00fcedad.<\/p>\n<p style=\"text-align: justify;\">Los documentos deber\u00e1n ser entregados en las oficinas de Bienestar Sustentable, ubicadas dentro de la Presidencia Municipal de Zacatelco, de lunes a viernes, en un horario de 9:00 a.m. a 4:00 p.m., con la Mtra. Patricia Herrer\u00edas.<\/p>\n<p style=\"text-align: justify;\">Los paquetes que se ofrecen incluyen un total de seis opciones, adem\u00e1s de la posibilidad de adquirir electrodom\u00e9sticos de manera individual. Entre los productos disponibles se encuentran lavadoras, planchas, estufas, licuadoras, parrillas, teteras y hornos, todos subsidiados en un porcentaje por el gobierno municipal.<\/p>\n<p style=\"text-align: justify;\">El programa permanecer\u00e1 abierto, invitando a toda la poblaci\u00f3n a aprovechar estos beneficios y contribuir a la construcci\u00f3n de un Zacatelco con oportunidades para todos, apoyando directamente a las familias en su econom\u00eda.<\/p>\n<p>&nbsp;<\/p>\n<p><img loading=\"lazy\" decoding=\"async\" class=\"alignnone size-full wp-image-28405\" src=\"https:\/\/labestiapolitica.com.mx\/wp-content\/uploads\/2024\/06\/U-NOVA-y-se-diferente.png\" alt=\"\" width=\"1000\" height=\"600\" srcset=\"https:\/\/labestiapolitica.com.mx\/wp-content\/uploads\/2024\/06\/U-NOVA-y-se-diferente.png 1000w, https:\/\/labestiapolitica.com.mx\/wp-content\/uploads\/2024\/06\/U-NOVA-y-se-diferente-300x180.png 300w, https:\/\/labestiapolitica.com.mx\/wp-content\/uploads\/2024\/06\/U-NOVA-y-se-diferente-768x461.png 768w\" sizes=\"auto, (max-width: 1000px) 100vw, 1000px\" \/><\/p>\n","protected":false},"excerpt":{"rendered":"<p>El programa \u201cViviendas Fuertes\u201d tiene como objetivo ofrecer electrodom\u00e9sticos a bajo costo en Zacatelco, a trav\u00e9s de la Direcci\u00f3n de Bienestar Sustentable del municipio. Esta iniciativa busca mejorar la econom\u00eda familiar y proporcionar herramientas esenciales para el hogar de la poblaci\u00f3n. La campa\u00f1a dirigida por la titular Patricia Herrer\u00edas Meneses, ofrece a los ciudadanos la [&hellip;]<\/p>\n","protected":false},"author":3,"featured_media":36810,"comment_status":"open","ping_status":"open","sticky":false,"template":"","format":"standard","meta":{"footnotes":""},"categories":[7,216,217],"tags":[],"class_list":["post-36809","post","type-post","status-publish","format-standard","has-post-thumbnail","hentry","category-ciudadanos","category-municipios","category-zacatelco"],"amp_enabled":true,"_links":{"self":[{"href":"https:\/\/labestiapolitica.com.mx\/index.php?rest_route=\/wp\/v2\/posts\/36809","targetHints":{"allow":["GET"]}}],"collection":[{"href":"https:\/\/labestiapolitica.com.mx\/index.php?rest_route=\/wp\/v2\/posts"}],"about":[{"href":"https:\/\/labestiapolitica.com.mx\/index.php?rest_route=\/wp\/v2\/types\/post"}],"author":[{"embeddable":true,"href":"https:\/\/labestiapolitica.com.mx\/index.php?rest_route=\/wp\/v2\/users\/3"}],"replies":[{"embeddable":true,"href":"https:\/\/labestiapolitica.com.mx\/index.php?rest_route=%2Fwp%2Fv2%2Fcomments&post=36809"}],"version-history":[{"count":1,"href":"https:\/\/labestiapolitica.com.mx\/index.php?rest_route=\/wp\/v2\/posts\/36809\/revisions"}],"predecessor-version":[{"id":36811,"href":"https:\/\/labestiapolitica.com.mx\/index.php?rest_route=\/wp\/v2\/posts\/36809\/revisions\/36811"}],"wp:featuredmedia":[{"embeddable":true,"href":"https:\/\/labestiapolitica.com.mx\/index.php?rest_route=\/wp\/v2\/media\/36810"}],"wp:attachment":[{"href":"https:\/\/labestiapolitica.com.mx\/index.php?rest_route=%2Fwp%2Fv2%2Fmedia&parent=36809"}],"wp:term":[{"taxonomy":"category","embeddable":true,"href":"https:\/\/labestiapolitica.com.mx\/index.php?rest_route=%2Fwp%2Fv2%2Fcategories&post=36809"},{"taxonomy":"post_tag","embeddable":true,"href":"https:\/\/labestiapolitica.com.mx\/index.php?rest_route=%2Fwp%2Fv2%2Ftags&post=36809"}],"curies":[{"name":"wp","href":"https:\/\/api.w.org\/{rel}","templated":true}]}}