{"id":36815,"date":"2025-02-10T16:59:18","date_gmt":"2025-02-10T22:59:18","guid":{"rendered":"https:\/\/labestiapolitica.com.mx\/?p=36815"},"modified":"2025-02-10T22:30:15","modified_gmt":"2025-02-11T04:30:15","slug":"el-presidente-estatal-del-pan-inauguro-el-auditorio-del-cde-del-albiazul-sera-un-espacio-del-que-saldran-las-proximas-autoridades-de-tlaxcala-agh","status":"publish","type":"post","link":"https:\/\/labestiapolitica.com.mx\/?p=36815","title":{"rendered":"El presidente estatal del PAN inaugur\u00f3 el Auditorio del CDE del albiazul; ser\u00e1 un espacio del que saldr\u00e1n las pr\u00f3ximas autoridades de Tlaxcala: AGH."},"content":{"rendered":"<p style=\"text-align: justify;\">Con la finalidad de contar con un espacio digno para la familia panista, el l\u00edder estatal del Partido Acci\u00f3n Nacional (PAN), \u00c1ngelo Guti\u00e9rrez Hern\u00e1ndez puso a disposici\u00f3n de los militantes y simpatizantes del albiazul, el nuevo auditorio del Comit\u00e9 Directivo.<\/p>\n<p style=\"text-align: justify;\">El nuevo auditorio, que cuenta con todos los servicios y espacios, se convertir\u00e1 en el semillero y espacio en el que mujeres y hombres panistas recibir\u00e1n capacitaci\u00f3n, adiestramiento, en el que se analizar\u00e1n, discutir\u00e1n y definir\u00e1n la participaci\u00f3n pol\u00edtica de cara a futuras elecciones.<\/p>\n<p style=\"text-align: justify;\">Es m\u00e1s, en este espacio, realizado a partir de econom\u00edas y recursos propios, alberga ya la nueva escuela de capacitaci\u00f3n \u201cAlonso Lujambio\u201d, de la cual saldr\u00e1n los pr\u00f3ximos presidentes, s\u00edndicos, regidores, diputados locales y federales, senadores y gobernadores.<\/p>\n<p style=\"text-align: justify;\">\u201cNosotros venimos a trabajar a favor de la militancia; nuestro partido y nuestra gente merecen espacios dignos para capacitarse, para estudiar y trabajar para ganar futuras elecciones. Es una obra que hemos hecho con muchos sacrificios, pero ser\u00e1 nuestro espacio en el que se definir\u00e1 el futuro de los municipios, del Congreso local y de Tlaxcala\u201d, apunt\u00f3 el l\u00edder estatal del PAN.<\/p>\n<p>&nbsp;<\/p>\n<p><img loading=\"lazy\" decoding=\"async\" class=\"alignnone size-full wp-image-28405\" src=\"https:\/\/labestiapolitica.com.mx\/wp-content\/uploads\/2024\/06\/U-NOVA-y-se-diferente.png\" alt=\"\" width=\"1000\" height=\"600\" srcset=\"https:\/\/labestiapolitica.com.mx\/wp-content\/uploads\/2024\/06\/U-NOVA-y-se-diferente.png 1000w, https:\/\/labestiapolitica.com.mx\/wp-content\/uploads\/2024\/06\/U-NOVA-y-se-diferente-300x180.png 300w, https:\/\/labestiapolitica.com.mx\/wp-content\/uploads\/2024\/06\/U-NOVA-y-se-diferente-768x461.png 768w\" sizes=\"auto, (max-width: 1000px) 100vw, 1000px\" \/><\/p>\n","protected":false},"excerpt":{"rendered":"<p>Con la finalidad de contar con un espacio digno para la familia panista, el l\u00edder estatal del Partido Acci\u00f3n Nacional (PAN), \u00c1ngelo Guti\u00e9rrez Hern\u00e1ndez puso a disposici\u00f3n de los militantes y simpatizantes del albiazul, el nuevo auditorio del Comit\u00e9 Directivo. El nuevo auditorio, que cuenta con todos los servicios y espacios, se convertir\u00e1 en el [&hellip;]<\/p>\n","protected":false},"author":3,"featured_media":36816,"comment_status":"open","ping_status":"open","sticky":false,"template":"","format":"standard","meta":{"footnotes":""},"categories":[12],"tags":[],"class_list":["post-36815","post","type-post","status-publish","format-standard","has-post-thumbnail","hentry","category-brujula-2026"],"amp_enabled":true,"_links":{"self":[{"href":"https:\/\/labestiapolitica.com.mx\/index.php?rest_route=\/wp\/v2\/posts\/36815","targetHints":{"allow":["GET"]}}],"collection":[{"href":"https:\/\/labestiapolitica.com.mx\/index.php?rest_route=\/wp\/v2\/posts"}],"about":[{"href":"https:\/\/labestiapolitica.com.mx\/index.php?rest_route=\/wp\/v2\/types\/post"}],"author":[{"embeddable":true,"href":"https:\/\/labestiapolitica.com.mx\/index.php?rest_route=\/wp\/v2\/users\/3"}],"replies":[{"embeddable":true,"href":"https:\/\/labestiapolitica.com.mx\/index.php?rest_route=%2Fwp%2Fv2%2Fcomments&post=36815"}],"version-history":[{"count":1,"href":"https:\/\/labestiapolitica.com.mx\/index.php?rest_route=\/wp\/v2\/posts\/36815\/revisions"}],"predecessor-version":[{"id":36817,"href":"https:\/\/labestiapolitica.com.mx\/index.php?rest_route=\/wp\/v2\/posts\/36815\/revisions\/36817"}],"wp:featuredmedia":[{"embeddable":true,"href":"https:\/\/labestiapolitica.com.mx\/index.php?rest_route=\/wp\/v2\/media\/36816"}],"wp:attachment":[{"href":"https:\/\/labestiapolitica.com.mx\/index.php?rest_route=%2Fwp%2Fv2%2Fmedia&parent=36815"}],"wp:term":[{"taxonomy":"category","embeddable":true,"href":"https:\/\/labestiapolitica.com.mx\/index.php?rest_route=%2Fwp%2Fv2%2Fcategories&post=36815"},{"taxonomy":"post_tag","embeddable":true,"href":"https:\/\/labestiapolitica.com.mx\/index.php?rest_route=%2Fwp%2Fv2%2Ftags&post=36815"}],"curies":[{"name":"wp","href":"https:\/\/api.w.org\/{rel}","templated":true}]}}