{"id":36825,"date":"2025-02-10T17:09:31","date_gmt":"2025-02-10T23:09:31","guid":{"rendered":"https:\/\/labestiapolitica.com.mx\/?p=36825"},"modified":"2025-02-10T17:09:31","modified_gmt":"2025-02-10T23:09:31","slug":"tlaxcala-es-potencia-con-la-ciudad-de-la-cultura-y-el-entretenimiento-2","status":"publish","type":"post","link":"https:\/\/labestiapolitica.com.mx\/?p=36825","title":{"rendered":"Tlaxcala es potencia con la Ciudad de la Cultura y el Entretenimiento."},"content":{"rendered":"<ul>\n<li style=\"text-align: justify;\">La gobernadora Lorena Cu\u00e9llar Cisneros destac\u00f3 que esta obra ser\u00e1 en beneficio de toda la poblaci\u00f3n; suman ya cinco ciudades en la entidad<\/li>\n<\/ul>\n<p style=\"text-align: justify;\">La gobernadora Lorena Cu\u00e9llar Cisneros afirm\u00f3 que la Ciudad de la Cultura y el Entretenimiento va a detonar el desarrollo econ\u00f3mico, adem\u00e1s que ser\u00e1 un referente en el arte, m\u00fasica, turismo y recreaci\u00f3n, porque van a converger en un mismo espacio.<\/p>\n<p style=\"text-align: justify;\">Tras colocar la primera piedra la mandataria local, asegur\u00f3 que esta obra ser\u00e1 de beneficio para la poblaci\u00f3n tlaxcalteca.<\/p>\n<p style=\"text-align: justify;\">\u201cEsta una obra de gran impacto para Amaxac de Guerrero y Yauhquemehcan, y desde luego para sus pobladores; incluso, se plane\u00f3 en este lugar porque hay dos hoteles que colindan pr\u00e1cticamente con este espacio, por ello se desea que beneficie tanto los municipios y como a los habitantes\u201d, subray\u00f3.<\/p>\n<p style=\"text-align: justify;\">Agreg\u00f3 que esta nueva etapa reafirma el compromiso de impulsar un ordenamiento territorial que promueva un crecimiento sostenible y cuidadoso en el estado.<\/p>\n<p style=\"text-align: justify;\">\u201cLa creaci\u00f3n de la Ciudad de la Cultura y el Entretenimiento extender\u00e1 las oportunidades comerciales, as\u00ed como el desarrollo social y cultural a diversas regiones del estado. Desde el inicio de mi gobierno hemos subrayado la importancia de planificar y dise\u00f1ar ciudades tem\u00e1ticas que constituyan polos de desarrollo econ\u00f3mico, social y cultural\u201d, acentu\u00f3.<\/p>\n<p style=\"text-align: justify;\">\u201cIniciamos, como les comentaba, con la creaci\u00f3n de la Ciudad de la Salud, un espacio donde confluyen la innovaci\u00f3n m\u00e9dica, la investigaci\u00f3n y la atenci\u00f3n de calidad\u201d.<\/p>\n<p style=\"text-align: justify;\">Ante cientos de ciudadanos, Cu\u00e9llar Cisneros destac\u00f3 que en Tlaxcala estamos a punto de tener tambi\u00e9n la Ciudad de la Seguridad, por concluir la obra de la Ciudad Administrativa; tambi\u00e9n en proceso la Ciudad Deportiva de Alto Rendimiento, y en crecimiento la Ciudad de la Salud.<\/p>\n<p style=\"text-align: justify;\">\u201cHoy esta ser\u00eda nuestra quinta ciudad, la quinta ciudad que Tlaxcala va a poder disfrutar. Y eso me llena de una gran emoci\u00f3n\u201d, enfatiz\u00f3.<\/p>\n<p style=\"text-align: justify;\">En su mensaje, el titular de la Secretar\u00eda de Infraestructura (SI), Diego Corona Cremean, destac\u00f3 que la primera etapa contar\u00e1 con un auditorio totalmente equipado, con una capacidad para siete mil personas, Centro Expositor, entre otras acciones. \u201cEs un proyecto magno en diferentes etapas, con una inversi\u00f3n 156 millones de pesos, Felicidades gobernadora\u201d.<\/p>\n<p style=\"text-align: justify;\">Al hacer uso de la palabra, la titular de la Secretar\u00eda de Cultura, Karen Villeda, subray\u00f3 que esta Ciudad detonar\u00e1 la participaci\u00f3n de las comunidades para desarrollar una vida cultural mucho m\u00e1s basta y din\u00e1mica; adem\u00e1s el impacto que va a tener este espacio para la econom\u00eda local, el desarrollo del estado y el turismo.<\/p>\n<p style=\"text-align: justify;\">\u201cHay que recordar que, con la visi\u00f3n de nuestra gobernadora, la promoci\u00f3n de la cultura tlaxcalteca es una estrategia que ha tra\u00eddo no solamente visitantes locales, sino de otros pa\u00edses, sobre todo porque estamos viviendo que Tlaxcala es un espacio para el crecimiento de negocios locales y de nuevos empleos, ya que la cultura es el pilar de nuestra identidad y tambi\u00e9n es un motor de un desarrollo\u201d, resalt\u00f3.<\/p>\n<p style=\"text-align: justify;\">Insisti\u00f3 que hoy es un d\u00eda muy significativo. \u201cHacemos un llamado a todos los sectores de nuestra sociedad, instituciones educativas, empresas, organizaciones civiles, las comunidades art\u00edsticas y culturales tambi\u00e9n, a cada uno de nosotros, a que nos sumemos para hacer este espacio nuestro, de apropiarse y sobre todo tambi\u00e9n convertirlo en el verdadero motor del cambio y del desarrollo para construir una nueva historia llena de cultura\u201d.<\/p>\n<p style=\"text-align: justify;\">Adem\u00e1s, David Vega Terrazas, presidente de Yauhquemehcan y Mauricio Pozos Casta\u00f1\u00f3n, alcalde de Amaxac, coincidieron en los beneficios que traer\u00e1 esta obra, as\u00ed como el trabajo que ha hecho la gobernadora a favor de sus habitantes.<\/p>\n<p style=\"text-align: justify;\">En el evento estuvieron Luis Antonio Ram\u00edrez Hern\u00e1ndez, secretario del Gobierno del estado; Ramiro Vivanco Chedraui, titular de la Oficial\u00eda Mayor del y Anel Ba\u00f1uelos Meneses, presidenta del Tribunal Superior de Justicia y del Consejo de la Judicatura del estado de Tlaxcala.<\/p>\n<p style=\"text-align: justify;\">Asimismo, Reyna Flor B\u00e1ez Lozano, presidenta del Congreso local; el General de Brigada de Estado Mayor, Mart\u00edn Jaramillo Barrios, comandante de la 23 Zona Militar de Panotla; Natalio Alexis N\u00fa\u00f1ez Reyes, en representaci\u00f3n del Comisario Alfredo Montiel God\u00ednez, Coordinador Estatal de la Guardia Nacional en Tlaxcala, as\u00ed como diputados locales e integrantes del gabinete legal y ampliado del Gobierno del Estado.<\/p>\n<p>&nbsp;<\/p>\n<p><img loading=\"lazy\" decoding=\"async\" class=\"alignnone size-full wp-image-28405\" src=\"https:\/\/labestiapolitica.com.mx\/wp-content\/uploads\/2024\/06\/U-NOVA-y-se-diferente.png\" alt=\"\" width=\"1000\" height=\"600\" srcset=\"https:\/\/labestiapolitica.com.mx\/wp-content\/uploads\/2024\/06\/U-NOVA-y-se-diferente.png 1000w, https:\/\/labestiapolitica.com.mx\/wp-content\/uploads\/2024\/06\/U-NOVA-y-se-diferente-300x180.png 300w, https:\/\/labestiapolitica.com.mx\/wp-content\/uploads\/2024\/06\/U-NOVA-y-se-diferente-768x461.png 768w\" sizes=\"auto, (max-width: 1000px) 100vw, 1000px\" \/><\/p>\n","protected":false},"excerpt":{"rendered":"<p>La gobernadora Lorena Cu\u00e9llar Cisneros destac\u00f3 que esta obra ser\u00e1 en beneficio de toda la poblaci\u00f3n; suman ya cinco ciudades en la entidad La gobernadora Lorena Cu\u00e9llar Cisneros afirm\u00f3 que la Ciudad de la Cultura y el Entretenimiento va a detonar el desarrollo econ\u00f3mico, adem\u00e1s que ser\u00e1 un referente en el arte, m\u00fasica, turismo y [&hellip;]<\/p>\n","protected":false},"author":3,"featured_media":36826,"comment_status":"open","ping_status":"open","sticky":false,"template":"","format":"standard","meta":{"footnotes":""},"categories":[7,236],"tags":[],"class_list":["post-36825","post","type-post","status-publish","format-standard","has-post-thumbnail","hentry","category-ciudadanos","category-gobierno-de-tlaxcala"],"amp_enabled":true,"_links":{"self":[{"href":"https:\/\/labestiapolitica.com.mx\/index.php?rest_route=\/wp\/v2\/posts\/36825","targetHints":{"allow":["GET"]}}],"collection":[{"href":"https:\/\/labestiapolitica.com.mx\/index.php?rest_route=\/wp\/v2\/posts"}],"about":[{"href":"https:\/\/labestiapolitica.com.mx\/index.php?rest_route=\/wp\/v2\/types\/post"}],"author":[{"embeddable":true,"href":"https:\/\/labestiapolitica.com.mx\/index.php?rest_route=\/wp\/v2\/users\/3"}],"replies":[{"embeddable":true,"href":"https:\/\/labestiapolitica.com.mx\/index.php?rest_route=%2Fwp%2Fv2%2Fcomments&post=36825"}],"version-history":[{"count":1,"href":"https:\/\/labestiapolitica.com.mx\/index.php?rest_route=\/wp\/v2\/posts\/36825\/revisions"}],"predecessor-version":[{"id":36827,"href":"https:\/\/labestiapolitica.com.mx\/index.php?rest_route=\/wp\/v2\/posts\/36825\/revisions\/36827"}],"wp:featuredmedia":[{"embeddable":true,"href":"https:\/\/labestiapolitica.com.mx\/index.php?rest_route=\/wp\/v2\/media\/36826"}],"wp:attachment":[{"href":"https:\/\/labestiapolitica.com.mx\/index.php?rest_route=%2Fwp%2Fv2%2Fmedia&parent=36825"}],"wp:term":[{"taxonomy":"category","embeddable":true,"href":"https:\/\/labestiapolitica.com.mx\/index.php?rest_route=%2Fwp%2Fv2%2Fcategories&post=36825"},{"taxonomy":"post_tag","embeddable":true,"href":"https:\/\/labestiapolitica.com.mx\/index.php?rest_route=%2Fwp%2Fv2%2Ftags&post=36825"}],"curies":[{"name":"wp","href":"https:\/\/api.w.org\/{rel}","templated":true}]}}