{"id":36829,"date":"2025-02-10T18:31:54","date_gmt":"2025-02-11T00:31:54","guid":{"rendered":"https:\/\/labestiapolitica.com.mx\/?p=36829"},"modified":"2025-02-10T18:31:54","modified_gmt":"2025-02-11T00:31:54","slug":"chiautempan-fue-sede-de-la-mega-sesion-de-fotos-carnavalera-evento-que-se-desarrollo-con-gran-exito-y-que-reunio-a-mas-de-50-parejas-de-danzantes-provenientes-de-diversos-municipios-del-estado","status":"publish","type":"post","link":"https:\/\/labestiapolitica.com.mx\/?p=36829","title":{"rendered":"Chiautempan fue sede de la \u00abMega Sesi\u00f3n de Fotos Carnavalera\u00bb evento que se desarroll\u00f3 con gran \u00e9xito y que reuni\u00f3 a m\u00e1s de 50 parejas de danzantes provenientes de diversos municipios del estado"},"content":{"rendered":"<p style=\"text-align: justify;\">Los participantes recorrieron las principales calles del municipio, comenzando en la emblem\u00e1tica Antigua Estaci\u00f3n de Tren, continuando por el Parque Ju\u00e1rez y culminando frente a la Parroquia de Se\u00f1ora Santa Ana, en la explanada del Parque Hidalgo, capturando la esencia de nuestra tradici\u00f3n.<\/p>\n<p style=\"text-align: justify;\">La actividad fue organizada por Carlos Emir Ordo\u00f1ez Flores, director del colectivo \u00abCarnavalero de Coraz\u00f3n\u00bb, en colaboraci\u00f3n con el colectivo \u00abSomos Tlaxcaltecas\u00bb, ambos conformados por j\u00f3venes de diferentes regiones del estado.<\/p>\n<p style=\"text-align: justify;\">Los j\u00f3venes convocantes eligieron Chiautempan como sede por su importante identidad e historia vinculada al carnaval.<\/p>\n<p style=\"text-align: justify;\">Carlos Emir Ordo\u00f1ez expres\u00f3 su entusiasmo por llevar a cabo esta actividad, destacando que la convocatoria refleja la esencia misma del carnaval en Tlaxcala y agradeci\u00f3 la excelente respuesta de los danzantes.<\/p>\n<p style=\"text-align: justify;\">En representaci\u00f3n de la alcaldesa Blanca Angulo Meneses, la directora de Cultura, Miryam Rafaela Reyes Gonz\u00e1lez acompa\u00f1ada de Ruth I, reina del carnaval Chiautempan 2025 dio la bienvenida a todos los asistentes: \u00abPara nuestra presidenta municipal, estas actividades son fundamentales para preservar y promover la riqueza hist\u00f3rica y cultural de nuestro carnaval. A nombre de ella, les damos la bienvenida a Chiautempan, los recibimos con los brazos abiertos y nos enorgullece ser aliados en la promoci\u00f3n de nuestra cultura.\u00bb<\/p>\n<p style=\"text-align: justify;\">Finalmente, Mois\u00e9s Morales del Razo, presidente del Comit\u00e9 de Carnaval Chiautempan 2025 reiter\u00f3 el agradecimiento a nombre de la presidenta Blanca Angulo por haber elegido a Chiautempan como sede de esta significativa actividad y de paso invit\u00f3 a los visitantes a acudir al concierto de PolyMarchs el pr\u00f3ximo 15 de febrero.<\/p>\n","protected":false},"excerpt":{"rendered":"<p>Los participantes recorrieron las principales calles del municipio, comenzando en la emblem\u00e1tica Antigua Estaci\u00f3n de Tren, continuando por el Parque Ju\u00e1rez y culminando frente a la Parroquia de Se\u00f1ora Santa Ana, en la explanada del Parque Hidalgo, capturando la esencia de nuestra tradici\u00f3n. La actividad fue organizada por Carlos Emir Ordo\u00f1ez Flores, director del colectivo [&hellip;]<\/p>\n","protected":false},"author":3,"featured_media":36830,"comment_status":"open","ping_status":"open","sticky":false,"template":"","format":"standard","meta":{"footnotes":""},"categories":[12,215],"tags":[],"class_list":["post-36829","post","type-post","status-publish","format-standard","has-post-thumbnail","hentry","category-brujula-2026","category-chiautempan"],"amp_enabled":true,"_links":{"self":[{"href":"https:\/\/labestiapolitica.com.mx\/index.php?rest_route=\/wp\/v2\/posts\/36829","targetHints":{"allow":["GET"]}}],"collection":[{"href":"https:\/\/labestiapolitica.com.mx\/index.php?rest_route=\/wp\/v2\/posts"}],"about":[{"href":"https:\/\/labestiapolitica.com.mx\/index.php?rest_route=\/wp\/v2\/types\/post"}],"author":[{"embeddable":true,"href":"https:\/\/labestiapolitica.com.mx\/index.php?rest_route=\/wp\/v2\/users\/3"}],"replies":[{"embeddable":true,"href":"https:\/\/labestiapolitica.com.mx\/index.php?rest_route=%2Fwp%2Fv2%2Fcomments&post=36829"}],"version-history":[{"count":1,"href":"https:\/\/labestiapolitica.com.mx\/index.php?rest_route=\/wp\/v2\/posts\/36829\/revisions"}],"predecessor-version":[{"id":36831,"href":"https:\/\/labestiapolitica.com.mx\/index.php?rest_route=\/wp\/v2\/posts\/36829\/revisions\/36831"}],"wp:featuredmedia":[{"embeddable":true,"href":"https:\/\/labestiapolitica.com.mx\/index.php?rest_route=\/wp\/v2\/media\/36830"}],"wp:attachment":[{"href":"https:\/\/labestiapolitica.com.mx\/index.php?rest_route=%2Fwp%2Fv2%2Fmedia&parent=36829"}],"wp:term":[{"taxonomy":"category","embeddable":true,"href":"https:\/\/labestiapolitica.com.mx\/index.php?rest_route=%2Fwp%2Fv2%2Fcategories&post=36829"},{"taxonomy":"post_tag","embeddable":true,"href":"https:\/\/labestiapolitica.com.mx\/index.php?rest_route=%2Fwp%2Fv2%2Ftags&post=36829"}],"curies":[{"name":"wp","href":"https:\/\/api.w.org\/{rel}","templated":true}]}}