{"id":36923,"date":"2025-02-11T21:56:53","date_gmt":"2025-02-12T03:56:53","guid":{"rendered":"https:\/\/labestiapolitica.com.mx\/?p=36923"},"modified":"2025-02-20T22:10:07","modified_gmt":"2025-02-21T04:10:07","slug":"la-ciudad-de-la-cultura-y-el-entretenimiento-en-tlaxcala","status":"publish","type":"post","link":"https:\/\/labestiapolitica.com.mx\/?p=36923","title":{"rendered":"\u00a1La Ciudad de la Cultura y el Entretenimiento en Tlaxcala!"},"content":{"rendered":"<div><\/div>\n<div><span style=\"font-size: large;\"><img decoding=\"async\" class=\"an1\" draggable=\"false\" src=\"https:\/\/fonts.gstatic.com\/s\/e\/notoemoji\/16.0\/2733_fe0f\/32.png\" alt=\"\u2733\ufe0f\" data-emoji=\"\u2733\ufe0f\" aria-label=\"\u2733\ufe0f\" \/>\u00a0Proyecto que abarca 10 hect\u00e1reas con una inversi\u00f3n de 556 millones de pesos\u00a0<\/span><\/div>\n<div><span style=\"font-size: large;\"><img decoding=\"async\" class=\"an1\" draggable=\"false\" src=\"https:\/\/fonts.gstatic.com\/s\/e\/notoemoji\/16.0\/2733_fe0f\/32.png\" alt=\"\u2733\ufe0f\" data-emoji=\"\u2733\ufe0f\" aria-label=\"\u2733\ufe0f\" \/>\u00a0El dise\u00f1o incluir\u00e1 enfoques sostenibles y tecnolog\u00eda de vanguardia<\/span><\/div>\n<div><span style=\"font-size: large;\">\u00a0<\/span><\/div>\n<div><span style=\"font-size: large;\">#EnCulturaUnaNuevaHistoria\u00a0<img decoding=\"async\" class=\"an1\" draggable=\"false\" src=\"https:\/\/fonts.gstatic.com\/s\/e\/notoemoji\/16.0\/2666_fe0f\/32.png\" alt=\"\u2666\ufe0f\" data-emoji=\"\u2666\ufe0f\" aria-label=\"\u2666\ufe0f\" \/>\u00a0<wbr \/>#GobiernoDeTlaxcala<\/span><\/div>\n","protected":false},"excerpt":{"rendered":"<p>\u00a0Proyecto que abarca 10 hect\u00e1reas con una inversi\u00f3n de 556 millones de pesos\u00a0 \u00a0El dise\u00f1o incluir\u00e1 enfoques sostenibles y tecnolog\u00eda de vanguardia \u00a0 #EnCulturaUnaNuevaHistoria\u00a0\u00a0#GobiernoDeTlaxcala<\/p>\n","protected":false},"author":3,"featured_media":36924,"comment_status":"open","ping_status":"open","sticky":false,"template":"","format":"standard","meta":{"footnotes":""},"categories":[12,236],"tags":[],"class_list":["post-36923","post","type-post","status-publish","format-standard","has-post-thumbnail","hentry","category-brujula-2026","category-gobierno-de-tlaxcala"],"amp_enabled":true,"_links":{"self":[{"href":"https:\/\/labestiapolitica.com.mx\/index.php?rest_route=\/wp\/v2\/posts\/36923","targetHints":{"allow":["GET"]}}],"collection":[{"href":"https:\/\/labestiapolitica.com.mx\/index.php?rest_route=\/wp\/v2\/posts"}],"about":[{"href":"https:\/\/labestiapolitica.com.mx\/index.php?rest_route=\/wp\/v2\/types\/post"}],"author":[{"embeddable":true,"href":"https:\/\/labestiapolitica.com.mx\/index.php?rest_route=\/wp\/v2\/users\/3"}],"replies":[{"embeddable":true,"href":"https:\/\/labestiapolitica.com.mx\/index.php?rest_route=%2Fwp%2Fv2%2Fcomments&post=36923"}],"version-history":[{"count":1,"href":"https:\/\/labestiapolitica.com.mx\/index.php?rest_route=\/wp\/v2\/posts\/36923\/revisions"}],"predecessor-version":[{"id":36925,"href":"https:\/\/labestiapolitica.com.mx\/index.php?rest_route=\/wp\/v2\/posts\/36923\/revisions\/36925"}],"wp:featuredmedia":[{"embeddable":true,"href":"https:\/\/labestiapolitica.com.mx\/index.php?rest_route=\/wp\/v2\/media\/36924"}],"wp:attachment":[{"href":"https:\/\/labestiapolitica.com.mx\/index.php?rest_route=%2Fwp%2Fv2%2Fmedia&parent=36923"}],"wp:term":[{"taxonomy":"category","embeddable":true,"href":"https:\/\/labestiapolitica.com.mx\/index.php?rest_route=%2Fwp%2Fv2%2Fcategories&post=36923"},{"taxonomy":"post_tag","embeddable":true,"href":"https:\/\/labestiapolitica.com.mx\/index.php?rest_route=%2Fwp%2Fv2%2Ftags&post=36923"}],"curies":[{"name":"wp","href":"https:\/\/api.w.org\/{rel}","templated":true}]}}