{"id":36945,"date":"2025-02-11T22:59:44","date_gmt":"2025-02-12T04:59:44","guid":{"rendered":"https:\/\/labestiapolitica.com.mx\/?p=36945"},"modified":"2025-02-12T14:07:49","modified_gmt":"2025-02-12T20:07:49","slug":"participo-sma-en-tercera-reunion-interestatal-de-coordinacion-en-material-forestal","status":"publish","type":"post","link":"https:\/\/labestiapolitica.com.mx\/?p=36945","title":{"rendered":"Particip\u00f3 SMA en tercera reuni\u00f3n interestatal de coordinaci\u00f3n en material forestal."},"content":{"rendered":"<ul>\n<li style=\"text-align: justify;\">Firman acuerdo Tlaxcala, Michoac\u00e1n, Hidalgo, Puebla, Estado de M\u00e9xico, Ciudad de M\u00e9xico, Guerrero y Morelos<\/li>\n<\/ul>\n<p style=\"text-align: justify;\">La Secretar\u00eda de Medio Ambiente (SMA) particip\u00f3 en la tercera Reuni\u00f3n Interestatal de Coordinaci\u00f3n en Materia Forestal, donde se firm\u00f3 el convenio de colaboraci\u00f3n entre ocho estados del pa\u00eds para la creaci\u00f3n de la Comisi\u00f3n Forestal como un Grupo Interinstitucional en la regi\u00f3n Centro de M\u00e9xico.<\/p>\n<p style=\"text-align: justify;\">La Comisi\u00f3n la integran Tlaxcala, Michoac\u00e1n, Hidalgo, Puebla, Estado de M\u00e9xico (Edomex), Ciudad de M\u00e9xico (Cdmx), Guerrero y Morelos.<\/p>\n<p style=\"text-align: justify;\">Los estados, presentaron estrategias de prevenci\u00f3n y combate de incendios forestales; as\u00ed como la homologaci\u00f3n de criterios para el manejo sustentable de los recursos forestales, as\u00ed como aplicaci\u00f3n de pol\u00edticas p\u00fablicas orientadas a la conservaci\u00f3n de los ecosistemas terrestres.<\/p>\n<p style=\"text-align: justify;\">El titular de la SMA, Pedro Aquino Alvarado, afirm\u00f3 que el Gobierno del Estado trabaja en la coordinaci\u00f3n con otras entidades, a fin de promover el cuidado y el manejo sustentable del patrimonio natural.<\/p>\n<p style=\"text-align: justify;\">Posterior a la firma del documento se celebr\u00f3 la tercera Mesa Interestatal de la Regi\u00f3n Centro de M\u00e9xico en las instalaciones de la Comisi\u00f3n Forestal de Michoac\u00e1n (Cofom).<\/p>\n<p>&nbsp;<\/p>\n<p><img loading=\"lazy\" decoding=\"async\" class=\"alignnone size-full wp-image-28405\" src=\"https:\/\/labestiapolitica.com.mx\/wp-content\/uploads\/2024\/06\/U-NOVA-y-se-diferente.png\" alt=\"\" width=\"1000\" height=\"600\" srcset=\"https:\/\/labestiapolitica.com.mx\/wp-content\/uploads\/2024\/06\/U-NOVA-y-se-diferente.png 1000w, https:\/\/labestiapolitica.com.mx\/wp-content\/uploads\/2024\/06\/U-NOVA-y-se-diferente-300x180.png 300w, https:\/\/labestiapolitica.com.mx\/wp-content\/uploads\/2024\/06\/U-NOVA-y-se-diferente-768x461.png 768w\" sizes=\"auto, (max-width: 1000px) 100vw, 1000px\" \/><\/p>\n","protected":false},"excerpt":{"rendered":"<p>Firman acuerdo Tlaxcala, Michoac\u00e1n, Hidalgo, Puebla, Estado de M\u00e9xico, Ciudad de M\u00e9xico, Guerrero y Morelos La Secretar\u00eda de Medio Ambiente (SMA) particip\u00f3 en la tercera Reuni\u00f3n Interestatal de Coordinaci\u00f3n en Materia Forestal, donde se firm\u00f3 el convenio de colaboraci\u00f3n entre ocho estados del pa\u00eds para la creaci\u00f3n de la Comisi\u00f3n Forestal como un Grupo Interinstitucional [&hellip;]<\/p>\n","protected":false},"author":3,"featured_media":36949,"comment_status":"open","ping_status":"open","sticky":false,"template":"","format":"standard","meta":{"footnotes":""},"categories":[236],"tags":[],"class_list":["post-36945","post","type-post","status-publish","format-standard","has-post-thumbnail","hentry","category-gobierno-de-tlaxcala"],"amp_enabled":true,"_links":{"self":[{"href":"https:\/\/labestiapolitica.com.mx\/index.php?rest_route=\/wp\/v2\/posts\/36945","targetHints":{"allow":["GET"]}}],"collection":[{"href":"https:\/\/labestiapolitica.com.mx\/index.php?rest_route=\/wp\/v2\/posts"}],"about":[{"href":"https:\/\/labestiapolitica.com.mx\/index.php?rest_route=\/wp\/v2\/types\/post"}],"author":[{"embeddable":true,"href":"https:\/\/labestiapolitica.com.mx\/index.php?rest_route=\/wp\/v2\/users\/3"}],"replies":[{"embeddable":true,"href":"https:\/\/labestiapolitica.com.mx\/index.php?rest_route=%2Fwp%2Fv2%2Fcomments&post=36945"}],"version-history":[{"count":1,"href":"https:\/\/labestiapolitica.com.mx\/index.php?rest_route=\/wp\/v2\/posts\/36945\/revisions"}],"predecessor-version":[{"id":36951,"href":"https:\/\/labestiapolitica.com.mx\/index.php?rest_route=\/wp\/v2\/posts\/36945\/revisions\/36951"}],"wp:featuredmedia":[{"embeddable":true,"href":"https:\/\/labestiapolitica.com.mx\/index.php?rest_route=\/wp\/v2\/media\/36949"}],"wp:attachment":[{"href":"https:\/\/labestiapolitica.com.mx\/index.php?rest_route=%2Fwp%2Fv2%2Fmedia&parent=36945"}],"wp:term":[{"taxonomy":"category","embeddable":true,"href":"https:\/\/labestiapolitica.com.mx\/index.php?rest_route=%2Fwp%2Fv2%2Fcategories&post=36945"},{"taxonomy":"post_tag","embeddable":true,"href":"https:\/\/labestiapolitica.com.mx\/index.php?rest_route=%2Fwp%2Fv2%2Ftags&post=36945"}],"curies":[{"name":"wp","href":"https:\/\/api.w.org\/{rel}","templated":true}]}}