{"id":36960,"date":"2025-02-11T23:08:29","date_gmt":"2025-02-12T05:08:29","guid":{"rendered":"https:\/\/labestiapolitica.com.mx\/?p=36960"},"modified":"2025-02-11T23:08:33","modified_gmt":"2025-02-12T05:08:33","slug":"recibira-tlaxcala-campeonato-nacional-sub-23-de-voleibol-de-sala-por-tercera-ocasion","status":"publish","type":"post","link":"https:\/\/labestiapolitica.com.mx\/?p=36960","title":{"rendered":"Recibir\u00e1 Tlaxcala Campeonato Nacional sub-23 de Voleibol de Sala por tercera ocasi\u00f3n."},"content":{"rendered":"<ul>\n<li style=\"text-align: justify;\">La entidad ser\u00e1 sede de esta justa que tendr\u00e1 la participaci\u00f3n de m\u00e1s 90 equipos de diferentes puntos de la Rep\u00fablica mexicana<\/li>\n<\/ul>\n<p style=\"text-align: justify;\">Con el objetivo de incentivar la participaci\u00f3n de los j\u00f3venes en actividades que promuevan la salud f\u00edsica a trav\u00e9s del deporte, el Gobierno del Estado a trav\u00e9s del Instituto del Deporte de Tlaxcala (IDET) en coordinaci\u00f3n con la Federaci\u00f3n Mexicana de Voleibol (FMVB) invitan a la poblaci\u00f3n a disfrutar del Campeonato Nacional Sub-23 de Voleibol, mismo que se realizar\u00e1 en el municipio de Apizaco del 27 de febrero al dos de marzo.<\/p>\n<p style=\"text-align: justify;\">M\u00e1s de 90 equipos del pa\u00eds se dar\u00e1n cita en esta magna competencia, la cual premiar\u00e1 con trofeos y medallas a los primeros tres lugares en las ramas femenil y varonil. Podr\u00e1n participar los j\u00f3venes nacidos entre 2003 y 2010, as\u00ed como dos refuerzos nacidos en el 2002. Los requisitos son los siguientes: acreditaci\u00f3n de afiliaci\u00f3n, clave \u00fanica de registro de poblaci\u00f3n o acta de nacimiento, copia de identificaci\u00f3n.<\/p>\n<p style=\"text-align: justify;\">El jueves 27 de febrero se realizar\u00e1 la reuni\u00f3n t\u00e9cnica previa y a partir de las 15 horas iniciar\u00e1n los juegos de la primera ronda, el viernes 28 continuar\u00e1n los juegos de clasificaci\u00f3n, el s\u00e1bado primero de marzo se jugar\u00e1n a partir de las 14:00 horas los octavos y cuartos de final, mientras que el domingo dos de marzo se jugar\u00e1n las semifinales y finales en ambas ramas.<\/p>\n<p style=\"text-align: justify;\">La entrada a presenciar los encuentros es totalmente gratuita. Las inscripciones culminar\u00e1n el viernes 21 de febrero de acuerdo con la convocatoria. El jueceo estar\u00e1 a cargo de la FMVB y el sistema de juego depender\u00e1 del n\u00famero de equipos inscritos en cada rama.<\/p>\n<p style=\"text-align: justify;\">Despu\u00e9s de las exitosas ediciones del 2022 y 2024, nuevamente vuelve la justa deportiva que re\u00fane el talento amateur de la especialidad, en donde se espera superar el n\u00famero de equipos inscritos de las anteriores ediciones.<\/p>\n<p>&nbsp;<\/p>\n<p><img loading=\"lazy\" decoding=\"async\" class=\"alignnone size-full wp-image-28405\" src=\"https:\/\/labestiapolitica.com.mx\/wp-content\/uploads\/2024\/06\/U-NOVA-y-se-diferente.png\" alt=\"\" width=\"1000\" height=\"600\" srcset=\"https:\/\/labestiapolitica.com.mx\/wp-content\/uploads\/2024\/06\/U-NOVA-y-se-diferente.png 1000w, https:\/\/labestiapolitica.com.mx\/wp-content\/uploads\/2024\/06\/U-NOVA-y-se-diferente-300x180.png 300w, https:\/\/labestiapolitica.com.mx\/wp-content\/uploads\/2024\/06\/U-NOVA-y-se-diferente-768x461.png 768w\" sizes=\"auto, (max-width: 1000px) 100vw, 1000px\" \/><\/p>\n","protected":false},"excerpt":{"rendered":"<p>La entidad ser\u00e1 sede de esta justa que tendr\u00e1 la participaci\u00f3n de m\u00e1s 90 equipos de diferentes puntos de la Rep\u00fablica mexicana Con el objetivo de incentivar la participaci\u00f3n de los j\u00f3venes en actividades que promuevan la salud f\u00edsica a trav\u00e9s del deporte, el Gobierno del Estado a trav\u00e9s del Instituto del Deporte de Tlaxcala [&hellip;]<\/p>\n","protected":false},"author":3,"featured_media":36962,"comment_status":"open","ping_status":"open","sticky":false,"template":"","format":"standard","meta":{"footnotes":""},"categories":[7,5,236],"tags":[],"class_list":["post-36960","post","type-post","status-publish","format-standard","has-post-thumbnail","hentry","category-ciudadanos","category-deportes","category-gobierno-de-tlaxcala"],"amp_enabled":true,"_links":{"self":[{"href":"https:\/\/labestiapolitica.com.mx\/index.php?rest_route=\/wp\/v2\/posts\/36960","targetHints":{"allow":["GET"]}}],"collection":[{"href":"https:\/\/labestiapolitica.com.mx\/index.php?rest_route=\/wp\/v2\/posts"}],"about":[{"href":"https:\/\/labestiapolitica.com.mx\/index.php?rest_route=\/wp\/v2\/types\/post"}],"author":[{"embeddable":true,"href":"https:\/\/labestiapolitica.com.mx\/index.php?rest_route=\/wp\/v2\/users\/3"}],"replies":[{"embeddable":true,"href":"https:\/\/labestiapolitica.com.mx\/index.php?rest_route=%2Fwp%2Fv2%2Fcomments&post=36960"}],"version-history":[{"count":1,"href":"https:\/\/labestiapolitica.com.mx\/index.php?rest_route=\/wp\/v2\/posts\/36960\/revisions"}],"predecessor-version":[{"id":36963,"href":"https:\/\/labestiapolitica.com.mx\/index.php?rest_route=\/wp\/v2\/posts\/36960\/revisions\/36963"}],"wp:featuredmedia":[{"embeddable":true,"href":"https:\/\/labestiapolitica.com.mx\/index.php?rest_route=\/wp\/v2\/media\/36962"}],"wp:attachment":[{"href":"https:\/\/labestiapolitica.com.mx\/index.php?rest_route=%2Fwp%2Fv2%2Fmedia&parent=36960"}],"wp:term":[{"taxonomy":"category","embeddable":true,"href":"https:\/\/labestiapolitica.com.mx\/index.php?rest_route=%2Fwp%2Fv2%2Fcategories&post=36960"},{"taxonomy":"post_tag","embeddable":true,"href":"https:\/\/labestiapolitica.com.mx\/index.php?rest_route=%2Fwp%2Fv2%2Ftags&post=36960"}],"curies":[{"name":"wp","href":"https:\/\/api.w.org\/{rel}","templated":true}]}}