{"id":37001,"date":"2025-02-12T13:32:01","date_gmt":"2025-02-12T19:32:01","guid":{"rendered":"https:\/\/labestiapolitica.com.mx\/?p=37001"},"modified":"2025-02-12T13:32:01","modified_gmt":"2025-02-12T19:32:01","slug":"%f0%9f%8c%bf-tlaxcala-capital-refuerza-el-servicio-de-recoleccion-%f0%9f%9a%9b%f0%9f%a7%b9","status":"publish","type":"post","link":"https:\/\/labestiapolitica.com.mx\/?p=37001","title":{"rendered":"\ud83c\udf3f Tlaxcala Capital refuerza el servicio de recolecci\u00f3n \ud83d\ude9b\ud83e\uddf9"},"content":{"rendered":"<p style=\"text-align: justify;\" data-start=\"68\" data-end=\"236\">El presidente municipal <strong data-start=\"92\" data-end=\"118\">Alfonso S\u00e1nchez Garc\u00eda<\/strong> entreg\u00f3 el <strong data-start=\"130\" data-end=\"173\">segundo cami\u00f3n compactador rehabilitado<\/strong>, listo para seguir trabajando por una ciudad m\u00e1s limpia. \u267b\ufe0f\u2728<\/p>\n<p style=\"text-align: justify;\" data-start=\"238\" data-end=\"477\">\ud83d\udd39 <strong data-start=\"241\" data-end=\"280\">Mantenimiento alternado de unidades<\/strong> para garantizar un servicio eficiente.<br data-start=\"319\" data-end=\"322\" \/>\ud83d\udd39 <strong data-start=\"325\" data-end=\"355\">Reconocimiento al esfuerzo<\/strong> de las y los trabajadores de Servicios P\u00fablicos, quienes cada d\u00eda contribuyen a mantener limpio nuestro municipio. \ud83d\udc4f\ud83c\udf33<\/p>\n<p style=\"text-align: justify;\" data-start=\"479\" data-end=\"555\">\ud83d\udc9a <strong data-start=\"482\" data-end=\"550\">Una ciudad limpia es tarea de todos. \u00a1Sigamos trabajando juntos!<\/strong> \ud83e\udd1d<\/p>\n<p style=\"text-align: justify;\" data-start=\"557\" data-end=\"646\" data-is-last-node=\"\">#HistoriaQueEscribimosJuntos \u270d\ufe0f<br data-start=\"588\" data-end=\"591\" \/>#TlaxcalaDeXicoht\u00e9ncatl \ud83c\uddf2\ud83c\uddfd<br data-start=\"619\" data-end=\"622\" \/>#TlaxcalaCiudadLimpia \ud83c\udf43<\/p>\n<p data-start=\"557\" data-end=\"646\" data-is-last-node=\"\">\n<p data-start=\"557\" data-end=\"646\" data-is-last-node=\"\"><img loading=\"lazy\" decoding=\"async\" class=\"alignnone size-full wp-image-37003\" src=\"https:\/\/labestiapolitica.com.mx\/wp-content\/uploads\/2025\/02\/2-12.png\" alt=\"\" width=\"2000\" height=\"1200\" srcset=\"https:\/\/labestiapolitica.com.mx\/wp-content\/uploads\/2025\/02\/2-12.png 2000w, https:\/\/labestiapolitica.com.mx\/wp-content\/uploads\/2025\/02\/2-12-300x180.png 300w, https:\/\/labestiapolitica.com.mx\/wp-content\/uploads\/2025\/02\/2-12-1024x614.png 1024w, https:\/\/labestiapolitica.com.mx\/wp-content\/uploads\/2025\/02\/2-12-768x461.png 768w, https:\/\/labestiapolitica.com.mx\/wp-content\/uploads\/2025\/02\/2-12-1536x922.png 1536w\" sizes=\"auto, (max-width: 2000px) 100vw, 2000px\" \/> <img loading=\"lazy\" decoding=\"async\" class=\"alignnone size-full wp-image-37004\" src=\"https:\/\/labestiapolitica.com.mx\/wp-content\/uploads\/2025\/02\/3-11.png\" alt=\"\" width=\"2000\" height=\"1200\" srcset=\"https:\/\/labestiapolitica.com.mx\/wp-content\/uploads\/2025\/02\/3-11.png 2000w, https:\/\/labestiapolitica.com.mx\/wp-content\/uploads\/2025\/02\/3-11-300x180.png 300w, https:\/\/labestiapolitica.com.mx\/wp-content\/uploads\/2025\/02\/3-11-1024x614.png 1024w, https:\/\/labestiapolitica.com.mx\/wp-content\/uploads\/2025\/02\/3-11-768x461.png 768w, https:\/\/labestiapolitica.com.mx\/wp-content\/uploads\/2025\/02\/3-11-1536x922.png 1536w\" sizes=\"auto, (max-width: 2000px) 100vw, 2000px\" \/> <img loading=\"lazy\" decoding=\"async\" class=\"alignnone size-full wp-image-37005\" src=\"https:\/\/labestiapolitica.com.mx\/wp-content\/uploads\/2025\/02\/4-4.png\" alt=\"\" width=\"2000\" height=\"1200\" srcset=\"https:\/\/labestiapolitica.com.mx\/wp-content\/uploads\/2025\/02\/4-4.png 2000w, https:\/\/labestiapolitica.com.mx\/wp-content\/uploads\/2025\/02\/4-4-300x180.png 300w, https:\/\/labestiapolitica.com.mx\/wp-content\/uploads\/2025\/02\/4-4-1024x614.png 1024w, https:\/\/labestiapolitica.com.mx\/wp-content\/uploads\/2025\/02\/4-4-768x461.png 768w, https:\/\/labestiapolitica.com.mx\/wp-content\/uploads\/2025\/02\/4-4-1536x922.png 1536w\" sizes=\"auto, (max-width: 2000px) 100vw, 2000px\" \/><\/p>\n<p data-start=\"557\" data-end=\"646\" data-is-last-node=\"\">\n","protected":false},"excerpt":{"rendered":"<p>El presidente municipal Alfonso S\u00e1nchez Garc\u00eda entreg\u00f3 el segundo cami\u00f3n compactador rehabilitado, listo para seguir trabajando por una ciudad m\u00e1s limpia. \u267b\ufe0f\u2728 \ud83d\udd39 Mantenimiento alternado de unidades para garantizar un servicio eficiente.\ud83d\udd39 Reconocimiento al esfuerzo de las y los trabajadores de Servicios P\u00fablicos, quienes cada d\u00eda contribuyen a mantener limpio nuestro municipio. \ud83d\udc4f\ud83c\udf33 \ud83d\udc9a Una [&hellip;]<\/p>\n","protected":false},"author":3,"featured_media":37002,"comment_status":"open","ping_status":"open","sticky":false,"template":"","format":"standard","meta":{"footnotes":""},"categories":[12,216,214],"tags":[],"class_list":["post-37001","post","type-post","status-publish","format-standard","has-post-thumbnail","hentry","category-brujula-2026","category-municipios","category-tlaxcala-capital"],"amp_enabled":true,"_links":{"self":[{"href":"https:\/\/labestiapolitica.com.mx\/index.php?rest_route=\/wp\/v2\/posts\/37001","targetHints":{"allow":["GET"]}}],"collection":[{"href":"https:\/\/labestiapolitica.com.mx\/index.php?rest_route=\/wp\/v2\/posts"}],"about":[{"href":"https:\/\/labestiapolitica.com.mx\/index.php?rest_route=\/wp\/v2\/types\/post"}],"author":[{"embeddable":true,"href":"https:\/\/labestiapolitica.com.mx\/index.php?rest_route=\/wp\/v2\/users\/3"}],"replies":[{"embeddable":true,"href":"https:\/\/labestiapolitica.com.mx\/index.php?rest_route=%2Fwp%2Fv2%2Fcomments&post=37001"}],"version-history":[{"count":1,"href":"https:\/\/labestiapolitica.com.mx\/index.php?rest_route=\/wp\/v2\/posts\/37001\/revisions"}],"predecessor-version":[{"id":37006,"href":"https:\/\/labestiapolitica.com.mx\/index.php?rest_route=\/wp\/v2\/posts\/37001\/revisions\/37006"}],"wp:featuredmedia":[{"embeddable":true,"href":"https:\/\/labestiapolitica.com.mx\/index.php?rest_route=\/wp\/v2\/media\/37002"}],"wp:attachment":[{"href":"https:\/\/labestiapolitica.com.mx\/index.php?rest_route=%2Fwp%2Fv2%2Fmedia&parent=37001"}],"wp:term":[{"taxonomy":"category","embeddable":true,"href":"https:\/\/labestiapolitica.com.mx\/index.php?rest_route=%2Fwp%2Fv2%2Fcategories&post=37001"},{"taxonomy":"post_tag","embeddable":true,"href":"https:\/\/labestiapolitica.com.mx\/index.php?rest_route=%2Fwp%2Fv2%2Ftags&post=37001"}],"curies":[{"name":"wp","href":"https:\/\/api.w.org\/{rel}","templated":true}]}}