{"id":37007,"date":"2025-02-12T13:43:55","date_gmt":"2025-02-12T19:43:55","guid":{"rendered":"https:\/\/labestiapolitica.com.mx\/?p=37007"},"modified":"2025-03-09T22:11:31","modified_gmt":"2025-03-10T04:11:31","slug":"%f0%9f%a4%9d-un-gobierno-que-te-escucha-y-trabaja-por-ti-%f0%9f%8f%9b%ef%b8%8f%e2%9c%a8","status":"publish","type":"post","link":"https:\/\/labestiapolitica.com.mx\/?p=37007","title":{"rendered":"Tlaxcala capital: \ud83e\udd1d Un gobierno que te escucha y trabaja por ti \ud83c\udfdb\ufe0f\u2728"},"content":{"rendered":"<p data-start=\"59\" data-end=\"372\">Durante las <strong data-start=\"71\" data-end=\"121\">Jornadas de Bienestar \u201cTu Alcalde Cerca de Ti\u201d<\/strong>, el presidente municipal <strong data-start=\"147\" data-end=\"173\">Alfonso S\u00e1nchez Garc\u00eda<\/strong> atendi\u00f3 de manera directa las inquietudes de la ciudadan\u00eda a trav\u00e9s de <strong data-start=\"245\" data-end=\"268\">audiencias p\u00fablicas<\/strong>, un espacio de di\u00e1logo abierto donde las y los vecinos expresaron sus necesidades y propuestas. \ud83d\udde3\ufe0f\ud83d\udc65<\/p>\n<p data-start=\"374\" data-end=\"528\">\ud83d\udca1 <strong data-start=\"377\" data-end=\"406\">Escuchar para transformar<\/strong>: Con un gobierno cercano y solidario, seguimos sumando esfuerzos para mejorar la calidad de vida en nuestra capital. \ud83e\udec2<\/p>\n<p data-start=\"530\" data-end=\"643\" data-is-last-node=\"\">#HistoriaQueEscribimosJuntos \u270d\ufe0f<br data-start=\"561\" data-end=\"564\" \/>#TlaxcalaDeXicoht\u00e9ncatl \ud83c\uddf2\ud83c\uddfd<br data-start=\"592\" data-end=\"595\" \/>#JornadasDeBienestar \ud83d\udc99<br data-start=\"618\" data-end=\"621\" \/>#TuAlcaldeCercaDeTi \ud83e\udd1d<\/p>\n<p data-start=\"530\" data-end=\"643\" data-is-last-node=\"\"><img loading=\"lazy\" decoding=\"async\" class=\"alignnone size-full wp-image-37009\" src=\"https:\/\/labestiapolitica.com.mx\/wp-content\/uploads\/2025\/02\/1-13.png\" alt=\"\" width=\"2000\" height=\"1200\" srcset=\"https:\/\/labestiapolitica.com.mx\/wp-content\/uploads\/2025\/02\/1-13.png 2000w, https:\/\/labestiapolitica.com.mx\/wp-content\/uploads\/2025\/02\/1-13-300x180.png 300w, https:\/\/labestiapolitica.com.mx\/wp-content\/uploads\/2025\/02\/1-13-1024x614.png 1024w, https:\/\/labestiapolitica.com.mx\/wp-content\/uploads\/2025\/02\/1-13-768x461.png 768w, https:\/\/labestiapolitica.com.mx\/wp-content\/uploads\/2025\/02\/1-13-1536x922.png 1536w\" sizes=\"auto, (max-width: 2000px) 100vw, 2000px\" \/> <img loading=\"lazy\" decoding=\"async\" class=\"alignnone size-full wp-image-37010\" src=\"https:\/\/labestiapolitica.com.mx\/wp-content\/uploads\/2025\/02\/2-13.png\" alt=\"\" width=\"2000\" height=\"1200\" srcset=\"https:\/\/labestiapolitica.com.mx\/wp-content\/uploads\/2025\/02\/2-13.png 2000w, https:\/\/labestiapolitica.com.mx\/wp-content\/uploads\/2025\/02\/2-13-300x180.png 300w, https:\/\/labestiapolitica.com.mx\/wp-content\/uploads\/2025\/02\/2-13-1024x614.png 1024w, https:\/\/labestiapolitica.com.mx\/wp-content\/uploads\/2025\/02\/2-13-768x461.png 768w, https:\/\/labestiapolitica.com.mx\/wp-content\/uploads\/2025\/02\/2-13-1536x922.png 1536w\" sizes=\"auto, (max-width: 2000px) 100vw, 2000px\" \/> <img loading=\"lazy\" decoding=\"async\" class=\"alignnone size-full wp-image-37011\" src=\"https:\/\/labestiapolitica.com.mx\/wp-content\/uploads\/2025\/02\/3-12.png\" alt=\"\" width=\"2000\" height=\"1200\" srcset=\"https:\/\/labestiapolitica.com.mx\/wp-content\/uploads\/2025\/02\/3-12.png 2000w, https:\/\/labestiapolitica.com.mx\/wp-content\/uploads\/2025\/02\/3-12-300x180.png 300w, https:\/\/labestiapolitica.com.mx\/wp-content\/uploads\/2025\/02\/3-12-1024x614.png 1024w, https:\/\/labestiapolitica.com.mx\/wp-content\/uploads\/2025\/02\/3-12-768x461.png 768w, https:\/\/labestiapolitica.com.mx\/wp-content\/uploads\/2025\/02\/3-12-1536x922.png 1536w\" sizes=\"auto, (max-width: 2000px) 100vw, 2000px\" \/><\/p>\n<p data-start=\"530\" data-end=\"643\" data-is-last-node=\"\">\n","protected":false},"excerpt":{"rendered":"<p>Durante las Jornadas de Bienestar \u201cTu Alcalde Cerca de Ti\u201d, el presidente municipal Alfonso S\u00e1nchez Garc\u00eda atendi\u00f3 de manera directa las inquietudes de la ciudadan\u00eda a trav\u00e9s de audiencias p\u00fablicas, un espacio de di\u00e1logo abierto donde las y los vecinos expresaron sus necesidades y propuestas. \ud83d\udde3\ufe0f\ud83d\udc65 \ud83d\udca1 Escuchar para transformar: Con un gobierno cercano y [&hellip;]<\/p>\n","protected":false},"author":3,"featured_media":37008,"comment_status":"open","ping_status":"open","sticky":false,"template":"","format":"standard","meta":{"footnotes":""},"categories":[12,216,214],"tags":[],"class_list":["post-37007","post","type-post","status-publish","format-standard","has-post-thumbnail","hentry","category-brujula-2026","category-municipios","category-tlaxcala-capital"],"amp_enabled":true,"_links":{"self":[{"href":"https:\/\/labestiapolitica.com.mx\/index.php?rest_route=\/wp\/v2\/posts\/37007","targetHints":{"allow":["GET"]}}],"collection":[{"href":"https:\/\/labestiapolitica.com.mx\/index.php?rest_route=\/wp\/v2\/posts"}],"about":[{"href":"https:\/\/labestiapolitica.com.mx\/index.php?rest_route=\/wp\/v2\/types\/post"}],"author":[{"embeddable":true,"href":"https:\/\/labestiapolitica.com.mx\/index.php?rest_route=\/wp\/v2\/users\/3"}],"replies":[{"embeddable":true,"href":"https:\/\/labestiapolitica.com.mx\/index.php?rest_route=%2Fwp%2Fv2%2Fcomments&post=37007"}],"version-history":[{"count":2,"href":"https:\/\/labestiapolitica.com.mx\/index.php?rest_route=\/wp\/v2\/posts\/37007\/revisions"}],"predecessor-version":[{"id":38704,"href":"https:\/\/labestiapolitica.com.mx\/index.php?rest_route=\/wp\/v2\/posts\/37007\/revisions\/38704"}],"wp:featuredmedia":[{"embeddable":true,"href":"https:\/\/labestiapolitica.com.mx\/index.php?rest_route=\/wp\/v2\/media\/37008"}],"wp:attachment":[{"href":"https:\/\/labestiapolitica.com.mx\/index.php?rest_route=%2Fwp%2Fv2%2Fmedia&parent=37007"}],"wp:term":[{"taxonomy":"category","embeddable":true,"href":"https:\/\/labestiapolitica.com.mx\/index.php?rest_route=%2Fwp%2Fv2%2Fcategories&post=37007"},{"taxonomy":"post_tag","embeddable":true,"href":"https:\/\/labestiapolitica.com.mx\/index.php?rest_route=%2Fwp%2Fv2%2Ftags&post=37007"}],"curies":[{"name":"wp","href":"https:\/\/api.w.org\/{rel}","templated":true}]}}