{"id":37013,"date":"2025-02-12T14:02:43","date_gmt":"2025-02-12T20:02:43","guid":{"rendered":"https:\/\/labestiapolitica.com.mx\/?p=37013"},"modified":"2025-03-09T22:10:33","modified_gmt":"2025-03-10T04:10:33","slug":"%f0%9f%8c%86-tlaxcala-refuerza-la-seguridad-en-puntos-clave-%f0%9f%9a%94%f0%9f%9a%a8","status":"publish","type":"post","link":"https:\/\/labestiapolitica.com.mx\/?p=37013","title":{"rendered":"\ud83c\udf06 Tlaxcala capital: refuerza la seguridad en puntos clave \ud83d\ude94\ud83d\udea8"},"content":{"rendered":"<p data-start=\"62\" data-end=\"313\">El Ayuntamiento de <strong data-start=\"81\" data-end=\"109\">Tlaxcala de Xicoht\u00e9ncatl<\/strong>, a trav\u00e9s de la Direcci\u00f3n de Seguridad P\u00fablica Municipal, <strong data-start=\"168\" data-end=\"261\">intensifica recorridos en la explanada del Mercado Municipal y la Secundaria T\u00e9cnica No.1<\/strong>, brindando mayor vigilancia y prevenci\u00f3n. \ud83d\ude93\ud83d\udc6e\u200d\u2642\ufe0f<\/p>\n<p data-start=\"315\" data-end=\"441\">\ud83d\udd39 <strong data-start=\"318\" data-end=\"346\">Mayor presencia policial<\/strong> en zonas estrat\u00e9gicas.<br data-start=\"369\" data-end=\"372\" \/>\ud83d\udd39 <strong data-start=\"375\" data-end=\"421\">Compromiso con la seguridad y tranquilidad<\/strong> de todas y todos.<\/p>\n<p data-start=\"443\" data-end=\"611\">Cumpliendo la visi\u00f3n del presidente municipal <strong data-start=\"489\" data-end=\"515\">Alfonso S\u00e1nchez Garc\u00eda<\/strong>, seguimos trabajando para que Tlaxcala sea un municipio seguro. <strong data-start=\"580\" data-end=\"605\">\u00a1Juntos nos cuidamos!<\/strong> \ud83e\udd1d\u2728<\/p>\n<p data-start=\"613\" data-end=\"720\" data-is-last-node=\"\">#TlaxcalaDeXicoht\u00e9ncatl \ud83c\uddf2\ud83c\uddfd<br data-start=\"641\" data-end=\"644\" \/>#HistoriaQueEscribimosJuntos \u270d\ufe0f<br data-start=\"675\" data-end=\"678\" \/>#JuntosNosCuidamos \ud83d\ude94<br data-start=\"699\" data-end=\"702\" \/>#TlaxcalaSegura \ud83d\udd12<\/p>\n<p data-start=\"613\" data-end=\"720\" data-is-last-node=\"\"><img loading=\"lazy\" decoding=\"async\" class=\"alignnone size-full wp-image-37021\" src=\"https:\/\/labestiapolitica.com.mx\/wp-content\/uploads\/2025\/02\/2-14.png\" alt=\"\" width=\"2000\" height=\"1200\" srcset=\"https:\/\/labestiapolitica.com.mx\/wp-content\/uploads\/2025\/02\/2-14.png 2000w, https:\/\/labestiapolitica.com.mx\/wp-content\/uploads\/2025\/02\/2-14-300x180.png 300w, https:\/\/labestiapolitica.com.mx\/wp-content\/uploads\/2025\/02\/2-14-1024x614.png 1024w, https:\/\/labestiapolitica.com.mx\/wp-content\/uploads\/2025\/02\/2-14-768x461.png 768w, https:\/\/labestiapolitica.com.mx\/wp-content\/uploads\/2025\/02\/2-14-1536x922.png 1536w\" sizes=\"auto, (max-width: 2000px) 100vw, 2000px\" \/> <img loading=\"lazy\" decoding=\"async\" class=\"alignnone size-full wp-image-37022\" src=\"https:\/\/labestiapolitica.com.mx\/wp-content\/uploads\/2025\/02\/3-13.png\" alt=\"\" width=\"2000\" height=\"1200\" srcset=\"https:\/\/labestiapolitica.com.mx\/wp-content\/uploads\/2025\/02\/3-13.png 2000w, https:\/\/labestiapolitica.com.mx\/wp-content\/uploads\/2025\/02\/3-13-300x180.png 300w, https:\/\/labestiapolitica.com.mx\/wp-content\/uploads\/2025\/02\/3-13-1024x614.png 1024w, https:\/\/labestiapolitica.com.mx\/wp-content\/uploads\/2025\/02\/3-13-768x461.png 768w, https:\/\/labestiapolitica.com.mx\/wp-content\/uploads\/2025\/02\/3-13-1536x922.png 1536w\" sizes=\"auto, (max-width: 2000px) 100vw, 2000px\" \/> <img loading=\"lazy\" decoding=\"async\" class=\"alignnone size-full wp-image-37023\" src=\"https:\/\/labestiapolitica.com.mx\/wp-content\/uploads\/2025\/02\/4-6.png\" alt=\"\" width=\"2000\" height=\"1200\" srcset=\"https:\/\/labestiapolitica.com.mx\/wp-content\/uploads\/2025\/02\/4-6.png 2000w, https:\/\/labestiapolitica.com.mx\/wp-content\/uploads\/2025\/02\/4-6-300x180.png 300w, https:\/\/labestiapolitica.com.mx\/wp-content\/uploads\/2025\/02\/4-6-1024x614.png 1024w, https:\/\/labestiapolitica.com.mx\/wp-content\/uploads\/2025\/02\/4-6-768x461.png 768w, https:\/\/labestiapolitica.com.mx\/wp-content\/uploads\/2025\/02\/4-6-1536x922.png 1536w\" sizes=\"auto, (max-width: 2000px) 100vw, 2000px\" \/><\/p>\n","protected":false},"excerpt":{"rendered":"<p>El Ayuntamiento de Tlaxcala de Xicoht\u00e9ncatl, a trav\u00e9s de la Direcci\u00f3n de Seguridad P\u00fablica Municipal, intensifica recorridos en la explanada del Mercado Municipal y la Secundaria T\u00e9cnica No.1, brindando mayor vigilancia y prevenci\u00f3n. \ud83d\ude93\ud83d\udc6e\u200d\u2642\ufe0f \ud83d\udd39 Mayor presencia policial en zonas estrat\u00e9gicas.\ud83d\udd39 Compromiso con la seguridad y tranquilidad de todas y todos. Cumpliendo la visi\u00f3n del [&hellip;]<\/p>\n","protected":false},"author":3,"featured_media":37020,"comment_status":"open","ping_status":"open","sticky":false,"template":"","format":"standard","meta":{"footnotes":""},"categories":[12,216,214],"tags":[],"class_list":["post-37013","post","type-post","status-publish","format-standard","has-post-thumbnail","hentry","category-brujula-2026","category-municipios","category-tlaxcala-capital"],"amp_enabled":true,"_links":{"self":[{"href":"https:\/\/labestiapolitica.com.mx\/index.php?rest_route=\/wp\/v2\/posts\/37013","targetHints":{"allow":["GET"]}}],"collection":[{"href":"https:\/\/labestiapolitica.com.mx\/index.php?rest_route=\/wp\/v2\/posts"}],"about":[{"href":"https:\/\/labestiapolitica.com.mx\/index.php?rest_route=\/wp\/v2\/types\/post"}],"author":[{"embeddable":true,"href":"https:\/\/labestiapolitica.com.mx\/index.php?rest_route=\/wp\/v2\/users\/3"}],"replies":[{"embeddable":true,"href":"https:\/\/labestiapolitica.com.mx\/index.php?rest_route=%2Fwp%2Fv2%2Fcomments&post=37013"}],"version-history":[{"count":2,"href":"https:\/\/labestiapolitica.com.mx\/index.php?rest_route=\/wp\/v2\/posts\/37013\/revisions"}],"predecessor-version":[{"id":38703,"href":"https:\/\/labestiapolitica.com.mx\/index.php?rest_route=\/wp\/v2\/posts\/37013\/revisions\/38703"}],"wp:featuredmedia":[{"embeddable":true,"href":"https:\/\/labestiapolitica.com.mx\/index.php?rest_route=\/wp\/v2\/media\/37020"}],"wp:attachment":[{"href":"https:\/\/labestiapolitica.com.mx\/index.php?rest_route=%2Fwp%2Fv2%2Fmedia&parent=37013"}],"wp:term":[{"taxonomy":"category","embeddable":true,"href":"https:\/\/labestiapolitica.com.mx\/index.php?rest_route=%2Fwp%2Fv2%2Fcategories&post=37013"},{"taxonomy":"post_tag","embeddable":true,"href":"https:\/\/labestiapolitica.com.mx\/index.php?rest_route=%2Fwp%2Fv2%2Ftags&post=37013"}],"curies":[{"name":"wp","href":"https:\/\/api.w.org\/{rel}","templated":true}]}}