{"id":37019,"date":"2025-02-12T14:19:32","date_gmt":"2025-02-12T20:19:32","guid":{"rendered":"https:\/\/labestiapolitica.com.mx\/?p=37019"},"modified":"2025-02-20T22:06:21","modified_gmt":"2025-02-21T04:06:21","slug":"tetla-giovani-montiel-compromiso-y-reconocimiento-al-sector-empresarial-de-tlaxcala","status":"publish","type":"post","link":"https:\/\/labestiapolitica.com.mx\/?p=37019","title":{"rendered":"Tetla: Giovani Montiel: compromiso y reconocimiento al sector empresarial de Tlaxcala"},"content":{"rendered":"<p style=\"text-align: justify;\" data-start=\"70\" data-end=\"382\">El presidente municipal de Tetla, Lic. Giovani Montiel L\u00f3pez, reafirm\u00f3 su compromiso con el desarrollo econ\u00f3mico al asistir a la toma de protesta del nuevo presidente y del Consejo Directivo 2025-2027 de la Asociaci\u00f3n de Empresas y Empresarios de Tlaxcala, A.C., encabezado por el Mtro. Jes\u00fas Flores Santacruz.<\/p>\n<p style=\"text-align: justify;\" data-start=\"384\" data-end=\"691\">El alcalde acompa\u00f1\u00f3 a la gobernadora del estado, Lic. Lorena Cu\u00e9llar Cisneros, y al secretario de Desarrollo Econ\u00f3mico, Javier Marroqu\u00edn Calder\u00f3n, y la diputada Aurora Villeda Temoltzin, en donde\u00a0 Montiel L\u00f3pez destac\u00f3 la importancia del trabajo conjunto para fortalecer el crecimiento empresarial en la regi\u00f3n.<\/p>\n<p style=\"text-align: justify;\">En su intervenci\u00f3n, el presidente de Tetla, Giovani Montiel L\u00f3pez, asegur\u00f3 que en el municipio son aliados con las empresas, sobre todo en estos momentos en que el pa\u00eds requiere estar unido. Adem\u00e1s, con el trabajo que desempe\u00f1a la gobernadora Lorena Cu\u00e9llar, de brindar a las familias tlaxcaltecas mejores condiciones de vida.<\/p>\n<p data-start=\"915\" data-end=\"1315\">Por su parte, la mandataria estatal resalt\u00f3 la importancia de la seguridad para el crecimiento del sector productivo, se\u00f1alando que Tlaxcala ha mantenido el menor \u00edndice delictivo del pa\u00eds durante los \u00faltimos 28 meses. Adem\u00e1s, inform\u00f3 sobre la llegada de nuevas inversiones al estado, con 39 nuevas empresas instaladas y 33 expansiones, fortaleciendo el panorama industrial y laboral de la entidad.<\/p>\n<p data-start=\"915\" data-end=\"1315\"><img loading=\"lazy\" decoding=\"async\" class=\"alignnone size-full wp-image-37038\" src=\"https:\/\/labestiapolitica.com.mx\/wp-content\/uploads\/2025\/02\/tetla12.jpg\" alt=\"\" width=\"1000\" height=\"600\" srcset=\"https:\/\/labestiapolitica.com.mx\/wp-content\/uploads\/2025\/02\/tetla12.jpg 1000w, https:\/\/labestiapolitica.com.mx\/wp-content\/uploads\/2025\/02\/tetla12-300x180.jpg 300w, https:\/\/labestiapolitica.com.mx\/wp-content\/uploads\/2025\/02\/tetla12-768x461.jpg 768w\" sizes=\"auto, (max-width: 1000px) 100vw, 1000px\" \/><\/p>\n<p data-start=\"1317\" data-end=\"1692\">El secretario de Desarrollo Econ\u00f3mico, Javier Marroqu\u00edn Calder\u00f3n, reafirm\u00f3 el compromiso del gobierno estatal para trabajar de la mano con el empresariado y garantizar un entorno de estabilidad y crecimiento. Asimismo, el presidente de la AEET, Jes\u00fas Flores Santacruz, destac\u00f3 la importancia del liderazgo gubernamental para fortalecer la unidad y el desarrollo del sector.<\/p>\n<p data-start=\"1694\" data-end=\"1842\">Tetla reafirma su posici\u00f3n como un municipio clave para la atracci\u00f3n de inversiones y el impulso a la competitividad empresarial.<\/p>\n<p data-start=\"1844\" data-end=\"1880\" data-is-last-node=\"\">#GobiernoQueCumpleYGeneraBienestar \u2705<\/p>\n<p data-start=\"1844\" data-end=\"1880\" data-is-last-node=\"\"><img loading=\"lazy\" decoding=\"async\" class=\"alignnone size-full wp-image-37036\" src=\"https:\/\/labestiapolitica.com.mx\/wp-content\/uploads\/2025\/02\/tetla15.jpg\" alt=\"\" width=\"1000\" height=\"600\" srcset=\"https:\/\/labestiapolitica.com.mx\/wp-content\/uploads\/2025\/02\/tetla15.jpg 1000w, https:\/\/labestiapolitica.com.mx\/wp-content\/uploads\/2025\/02\/tetla15-300x180.jpg 300w, https:\/\/labestiapolitica.com.mx\/wp-content\/uploads\/2025\/02\/tetla15-768x461.jpg 768w\" sizes=\"auto, (max-width: 1000px) 100vw, 1000px\" \/> <img loading=\"lazy\" decoding=\"async\" class=\"alignnone size-full wp-image-37037\" src=\"https:\/\/labestiapolitica.com.mx\/wp-content\/uploads\/2025\/02\/tewtla13.jpg\" alt=\"\" width=\"1000\" height=\"600\" srcset=\"https:\/\/labestiapolitica.com.mx\/wp-content\/uploads\/2025\/02\/tewtla13.jpg 1000w, https:\/\/labestiapolitica.com.mx\/wp-content\/uploads\/2025\/02\/tewtla13-300x180.jpg 300w, https:\/\/labestiapolitica.com.mx\/wp-content\/uploads\/2025\/02\/tewtla13-768x461.jpg 768w\" sizes=\"auto, (max-width: 1000px) 100vw, 1000px\" \/><\/p>\n<p style=\"text-align: justify;\" data-start=\"785\" data-end=\"821\" data-is-last-node=\"\">\n","protected":false},"excerpt":{"rendered":"<p>El presidente municipal de Tetla, Lic. Giovani Montiel L\u00f3pez, reafirm\u00f3 su compromiso con el desarrollo econ\u00f3mico al asistir a la toma de protesta del nuevo presidente y del Consejo Directivo 2025-2027 de la Asociaci\u00f3n de Empresas y Empresarios de Tlaxcala, A.C., encabezado por el Mtro. Jes\u00fas Flores Santacruz. El alcalde acompa\u00f1\u00f3 a la gobernadora del [&hellip;]<\/p>\n","protected":false},"author":3,"featured_media":37034,"comment_status":"open","ping_status":"open","sticky":false,"template":"","format":"standard","meta":{"footnotes":""},"categories":[12,216,227],"tags":[],"class_list":["post-37019","post","type-post","status-publish","format-standard","has-post-thumbnail","hentry","category-brujula-2026","category-municipios","category-tetla"],"amp_enabled":true,"_links":{"self":[{"href":"https:\/\/labestiapolitica.com.mx\/index.php?rest_route=\/wp\/v2\/posts\/37019","targetHints":{"allow":["GET"]}}],"collection":[{"href":"https:\/\/labestiapolitica.com.mx\/index.php?rest_route=\/wp\/v2\/posts"}],"about":[{"href":"https:\/\/labestiapolitica.com.mx\/index.php?rest_route=\/wp\/v2\/types\/post"}],"author":[{"embeddable":true,"href":"https:\/\/labestiapolitica.com.mx\/index.php?rest_route=\/wp\/v2\/users\/3"}],"replies":[{"embeddable":true,"href":"https:\/\/labestiapolitica.com.mx\/index.php?rest_route=%2Fwp%2Fv2%2Fcomments&post=37019"}],"version-history":[{"count":1,"href":"https:\/\/labestiapolitica.com.mx\/index.php?rest_route=\/wp\/v2\/posts\/37019\/revisions"}],"predecessor-version":[{"id":37039,"href":"https:\/\/labestiapolitica.com.mx\/index.php?rest_route=\/wp\/v2\/posts\/37019\/revisions\/37039"}],"wp:featuredmedia":[{"embeddable":true,"href":"https:\/\/labestiapolitica.com.mx\/index.php?rest_route=\/wp\/v2\/media\/37034"}],"wp:attachment":[{"href":"https:\/\/labestiapolitica.com.mx\/index.php?rest_route=%2Fwp%2Fv2%2Fmedia&parent=37019"}],"wp:term":[{"taxonomy":"category","embeddable":true,"href":"https:\/\/labestiapolitica.com.mx\/index.php?rest_route=%2Fwp%2Fv2%2Fcategories&post=37019"},{"taxonomy":"post_tag","embeddable":true,"href":"https:\/\/labestiapolitica.com.mx\/index.php?rest_route=%2Fwp%2Fv2%2Ftags&post=37019"}],"curies":[{"name":"wp","href":"https:\/\/api.w.org\/{rel}","templated":true}]}}