{"id":37030,"date":"2025-02-12T14:18:46","date_gmt":"2025-02-12T20:18:46","guid":{"rendered":"https:\/\/labestiapolitica.com.mx\/?p=37030"},"modified":"2025-03-09T22:08:40","modified_gmt":"2025-03-10T04:08:40","slug":"%f0%9f%8e%ad-celebra-el-carnaval-con-nosotros-%f0%9f%8e%ad","status":"publish","type":"post","link":"https:\/\/labestiapolitica.com.mx\/?p=37030","title":{"rendered":"Zacatelco: \ud83c\udfad \u00a1Celebra el Carnaval con nosotros! \ud83c\udfad"},"content":{"rendered":"<p style=\"text-align: justify;\" data-start=\"48\" data-end=\"291\">El Gobierno Municipal de <strong data-start=\"73\" data-end=\"86\">Zacatelco<\/strong>, a trav\u00e9s de la <strong data-start=\"103\" data-end=\"142\">Biblioteca Municipal Domingo Arenas<\/strong>, encabezada por <strong data-start=\"159\" data-end=\"176\">Sandra Rold\u00e1n<\/strong>, te invita a participar en los <strong data-start=\"208\" data-end=\"228\">cursos gratuitos<\/strong> para aprender a crear tu propia <strong data-start=\"261\" data-end=\"284\">m\u00e1scara de carnaval<\/strong>. \ud83c\udfa8\u2728<\/p>\n<p style=\"text-align: justify;\" data-start=\"293\" data-end=\"398\">\ud83d\udcc5 <strong data-start=\"296\" data-end=\"305\">D\u00edas:<\/strong> Lunes a viernes<br data-start=\"321\" data-end=\"324\" \/>\ud83d\udd58 <strong data-start=\"327\" data-end=\"336\">Hora:<\/strong> 9:00 AM<br data-start=\"344\" data-end=\"347\" \/>\ud83d\udccd <strong data-start=\"350\" data-end=\"360\">Lugar:<\/strong> Biblioteca Municipal Domingo Arenas<\/p>\n<p style=\"text-align: justify;\" data-start=\"400\" data-end=\"514\">\ud83c\udf1f <strong data-start=\"403\" data-end=\"483\">\u00a1No pierdas la oportunidad de aprender, divertirte y crear tu m\u00e1scara \u00fanica!<\/strong> \ud83c\udf1f<br data-start=\"486\" data-end=\"489\" \/><strong data-start=\"489\" data-end=\"507\">\u00a1Te esperamos!<\/strong> \ud83c\udfad\ud83c\udf8a<\/p>\n<p style=\"text-align: justify;\" data-start=\"516\" data-end=\"568\" data-is-last-node=\"\">#ZacatelcoFuerteYSeguro \ud83d\udcaa\ud83c\udffd<br data-start=\"544\" data-end=\"547\" \/>#CarnavalZacatelco \ud83c\udf89<\/p>\n<p data-start=\"516\" data-end=\"568\" data-is-last-node=\"\"><img loading=\"lazy\" decoding=\"async\" class=\"alignnone size-full wp-image-37032\" src=\"https:\/\/labestiapolitica.com.mx\/wp-content\/uploads\/2025\/02\/2-15.png\" alt=\"\" width=\"2000\" height=\"1200\" srcset=\"https:\/\/labestiapolitica.com.mx\/wp-content\/uploads\/2025\/02\/2-15.png 2000w, https:\/\/labestiapolitica.com.mx\/wp-content\/uploads\/2025\/02\/2-15-300x180.png 300w, https:\/\/labestiapolitica.com.mx\/wp-content\/uploads\/2025\/02\/2-15-1024x614.png 1024w, https:\/\/labestiapolitica.com.mx\/wp-content\/uploads\/2025\/02\/2-15-768x461.png 768w, https:\/\/labestiapolitica.com.mx\/wp-content\/uploads\/2025\/02\/2-15-1536x922.png 1536w\" sizes=\"auto, (max-width: 2000px) 100vw, 2000px\" \/> <img loading=\"lazy\" decoding=\"async\" class=\"alignnone size-full wp-image-37033\" src=\"https:\/\/labestiapolitica.com.mx\/wp-content\/uploads\/2025\/02\/3-14.png\" alt=\"\" width=\"2000\" height=\"1200\" srcset=\"https:\/\/labestiapolitica.com.mx\/wp-content\/uploads\/2025\/02\/3-14.png 2000w, https:\/\/labestiapolitica.com.mx\/wp-content\/uploads\/2025\/02\/3-14-300x180.png 300w, https:\/\/labestiapolitica.com.mx\/wp-content\/uploads\/2025\/02\/3-14-1024x614.png 1024w, https:\/\/labestiapolitica.com.mx\/wp-content\/uploads\/2025\/02\/3-14-768x461.png 768w, https:\/\/labestiapolitica.com.mx\/wp-content\/uploads\/2025\/02\/3-14-1536x922.png 1536w\" sizes=\"auto, (max-width: 2000px) 100vw, 2000px\" \/><\/p>\n<p data-start=\"516\" data-end=\"568\" data-is-last-node=\"\">\n","protected":false},"excerpt":{"rendered":"<p>El Gobierno Municipal de Zacatelco, a trav\u00e9s de la Biblioteca Municipal Domingo Arenas, encabezada por Sandra Rold\u00e1n, te invita a participar en los cursos gratuitos para aprender a crear tu propia m\u00e1scara de carnaval. \ud83c\udfa8\u2728 \ud83d\udcc5 D\u00edas: Lunes a viernes\ud83d\udd58 Hora: 9:00 AM\ud83d\udccd Lugar: Biblioteca Municipal Domingo Arenas \ud83c\udf1f \u00a1No pierdas la oportunidad de aprender, [&hellip;]<\/p>\n","protected":false},"author":3,"featured_media":37031,"comment_status":"open","ping_status":"open","sticky":false,"template":"","format":"standard","meta":{"footnotes":""},"categories":[12,216,217],"tags":[],"class_list":["post-37030","post","type-post","status-publish","format-standard","has-post-thumbnail","hentry","category-brujula-2026","category-municipios","category-zacatelco"],"amp_enabled":true,"_links":{"self":[{"href":"https:\/\/labestiapolitica.com.mx\/index.php?rest_route=\/wp\/v2\/posts\/37030","targetHints":{"allow":["GET"]}}],"collection":[{"href":"https:\/\/labestiapolitica.com.mx\/index.php?rest_route=\/wp\/v2\/posts"}],"about":[{"href":"https:\/\/labestiapolitica.com.mx\/index.php?rest_route=\/wp\/v2\/types\/post"}],"author":[{"embeddable":true,"href":"https:\/\/labestiapolitica.com.mx\/index.php?rest_route=\/wp\/v2\/users\/3"}],"replies":[{"embeddable":true,"href":"https:\/\/labestiapolitica.com.mx\/index.php?rest_route=%2Fwp%2Fv2%2Fcomments&post=37030"}],"version-history":[{"count":2,"href":"https:\/\/labestiapolitica.com.mx\/index.php?rest_route=\/wp\/v2\/posts\/37030\/revisions"}],"predecessor-version":[{"id":38702,"href":"https:\/\/labestiapolitica.com.mx\/index.php?rest_route=\/wp\/v2\/posts\/37030\/revisions\/38702"}],"wp:featuredmedia":[{"embeddable":true,"href":"https:\/\/labestiapolitica.com.mx\/index.php?rest_route=\/wp\/v2\/media\/37031"}],"wp:attachment":[{"href":"https:\/\/labestiapolitica.com.mx\/index.php?rest_route=%2Fwp%2Fv2%2Fmedia&parent=37030"}],"wp:term":[{"taxonomy":"category","embeddable":true,"href":"https:\/\/labestiapolitica.com.mx\/index.php?rest_route=%2Fwp%2Fv2%2Fcategories&post=37030"},{"taxonomy":"post_tag","embeddable":true,"href":"https:\/\/labestiapolitica.com.mx\/index.php?rest_route=%2Fwp%2Fv2%2Ftags&post=37030"}],"curies":[{"name":"wp","href":"https:\/\/api.w.org\/{rel}","templated":true}]}}