{"id":37042,"date":"2025-02-12T14:48:18","date_gmt":"2025-02-12T20:48:18","guid":{"rendered":"https:\/\/labestiapolitica.com.mx\/?p=37042"},"modified":"2025-02-20T22:05:44","modified_gmt":"2025-02-21T04:05:44","slug":"entrega-alfonso-sanchez-garcia-segundo-camion-rehabilitado-integralmente-para-fortalecer-el-servicio-de-limpia","status":"publish","type":"post","link":"https:\/\/labestiapolitica.com.mx\/?p=37042","title":{"rendered":"Entrega Alfonso S\u00e1nchez Garc\u00eda segundo cami\u00f3n rehabilitado integralmente para fortalecer el servicio de limpia"},"content":{"rendered":"<p style=\"text-align: justify;\">\u2022\u201cTenemos el objetivo de que Tlaxcala sea una de las ciudades m\u00e1s limpias del pa\u00eds\u201d, destac\u00f3 el alcalde al hacer entrega de la unidad compactadora que llega a reforzar las labores de recolecci\u00f3n en el municipio<\/p>\n<p style=\"text-align: justify;\">Como parte de las acciones para mejorar la prestaci\u00f3n del servicio de recolecci\u00f3n de residuos s\u00f3lidos en Tlaxcala de Xicoht\u00e9ncatl, adem\u00e1s de dignificar la labor de las y los trabajadores de esta importante \u00e1rea, el Presidente Municipal Alfonso S\u00e1nchez Garc\u00eda entreg\u00f3 el segundo cami\u00f3n compactador de residuos completamente rehabilitado a la Direcci\u00f3n de Servicios P\u00fablicos y a la Coordinaci\u00f3n de Parque Vehicular.<\/p>\n<p style=\"text-align: justify;\">El alcalde dio el banderazo de salida a la segunda unidad compactadora rehabilitada integralmente durante su administraci\u00f3n, que llega a fortalecer la flotilla de siete camiones que actualmente presta servicio de recolecci\u00f3n de residuos a las 11 comunidades y siete delegaciones del municipio.<\/p>\n<p style=\"text-align: justify;\">Durante su mensaje, el presidente Alfonso S\u00e1nchez destac\u00f3 el compromiso ineludible de su administraci\u00f3n con la mejora integral de los servicios que se prestan a la poblaci\u00f3n.<\/p>\n<p style=\"text-align: justify;\">\u201cEstamos conscientes de que un servicio de recolecci\u00f3n de residuos efectivo tiene un impacto directo en el bienestar, la salud p\u00fablica y en la calidad de vida de todos los que habitamos en este lugar\u201d, mencion\u00f3 el alcalde.<\/p>\n<p style=\"text-align: justify;\">El presidente municipal aprovech\u00f3 la ocasi\u00f3n para hacer un merecido reconocimiento a las y los trabajadores de limpia, que diariamente se esfuerzan por mantener la buena imagen de la ciudad y sus comunidades y exhort\u00f3 a la ciudadan\u00eda a mantener el municipio limpio en beneficio de todos.<\/p>\n<p style=\"text-align: justify;\">Adem\u00e1s, Alfonso S\u00e1nchez recalc\u00f3 que uno de los principales objetivos de estas acciones, es que Tlaxcala, sea un modelo de bienestar en todo el pa\u00eds, con la colaboraci\u00f3n de gobierno y ciudadan\u00eda.<\/p>\n<p style=\"text-align: justify;\">\u201cTenemos el objetivo de que Tlaxcala sea una de las ciudades m\u00e1s limpias del pa\u00eds. Esta es una responsabilidad de mi gobierno, pero que solo es posible con la colaboraci\u00f3n de la ciudadan\u00eda y con el trabajo de todos ustedes. Les invito a que juntos conservemos nuestras calles limpias con compromiso y amor por nuestra ciudad\u201d, extern\u00f3.<\/p>\n<p style=\"text-align: justify;\">En la entrega, estuvieron presentes las y los trabajadores de limpia del municipio de Tlaxcala, as\u00ed como Carlos L\u00f3pez, coordinador de Parque Vehicular y Marco Antonio Valencia Barrientos, director de Servicios P\u00fablicos y Ecotecnolog\u00edas.<\/p>\n","protected":false},"excerpt":{"rendered":"<p>\u2022\u201cTenemos el objetivo de que Tlaxcala sea una de las ciudades m\u00e1s limpias del pa\u00eds\u201d, destac\u00f3 el alcalde al hacer entrega de la unidad compactadora que llega a reforzar las labores de recolecci\u00f3n en el municipio Como parte de las acciones para mejorar la prestaci\u00f3n del servicio de recolecci\u00f3n de residuos s\u00f3lidos en Tlaxcala de [&hellip;]<\/p>\n","protected":false},"author":3,"featured_media":37051,"comment_status":"open","ping_status":"open","sticky":false,"template":"","format":"standard","meta":{"footnotes":""},"categories":[12,216,214],"tags":[],"class_list":["post-37042","post","type-post","status-publish","format-standard","has-post-thumbnail","hentry","category-brujula-2026","category-municipios","category-tlaxcala-capital"],"amp_enabled":true,"_links":{"self":[{"href":"https:\/\/labestiapolitica.com.mx\/index.php?rest_route=\/wp\/v2\/posts\/37042","targetHints":{"allow":["GET"]}}],"collection":[{"href":"https:\/\/labestiapolitica.com.mx\/index.php?rest_route=\/wp\/v2\/posts"}],"about":[{"href":"https:\/\/labestiapolitica.com.mx\/index.php?rest_route=\/wp\/v2\/types\/post"}],"author":[{"embeddable":true,"href":"https:\/\/labestiapolitica.com.mx\/index.php?rest_route=\/wp\/v2\/users\/3"}],"replies":[{"embeddable":true,"href":"https:\/\/labestiapolitica.com.mx\/index.php?rest_route=%2Fwp%2Fv2%2Fcomments&post=37042"}],"version-history":[{"count":1,"href":"https:\/\/labestiapolitica.com.mx\/index.php?rest_route=\/wp\/v2\/posts\/37042\/revisions"}],"predecessor-version":[{"id":37052,"href":"https:\/\/labestiapolitica.com.mx\/index.php?rest_route=\/wp\/v2\/posts\/37042\/revisions\/37052"}],"wp:featuredmedia":[{"embeddable":true,"href":"https:\/\/labestiapolitica.com.mx\/index.php?rest_route=\/wp\/v2\/media\/37051"}],"wp:attachment":[{"href":"https:\/\/labestiapolitica.com.mx\/index.php?rest_route=%2Fwp%2Fv2%2Fmedia&parent=37042"}],"wp:term":[{"taxonomy":"category","embeddable":true,"href":"https:\/\/labestiapolitica.com.mx\/index.php?rest_route=%2Fwp%2Fv2%2Fcategories&post=37042"},{"taxonomy":"post_tag","embeddable":true,"href":"https:\/\/labestiapolitica.com.mx\/index.php?rest_route=%2Fwp%2Fv2%2Ftags&post=37042"}],"curies":[{"name":"wp","href":"https:\/\/api.w.org\/{rel}","templated":true}]}}