{"id":37043,"date":"2025-02-12T14:32:39","date_gmt":"2025-02-12T20:32:39","guid":{"rendered":"https:\/\/labestiapolitica.com.mx\/?p=37043"},"modified":"2025-03-09T22:08:17","modified_gmt":"2025-03-10T04:08:17","slug":"%f0%9f%93%9a%e2%9c%a8-fomentando-la-lectura-y-la-creatividad-en-la-ninez-%e2%9c%a8%f0%9f%8e%a8","status":"publish","type":"post","link":"https:\/\/labestiapolitica.com.mx\/?p=37043","title":{"rendered":"Zacatelco: \ud83d\udcda\u2728 Fomentando la lectura y la creatividad en la ni\u00f1ez \u2728\ud83c\udfa8"},"content":{"rendered":"<p style=\"text-align: justify;\" data-start=\"66\" data-end=\"328\">Esta ma\u00f1ana, el <strong data-start=\"82\" data-end=\"117\">Gobierno Municipal de Zacatelco<\/strong>, en coordinaci\u00f3n con el <strong data-start=\"142\" data-end=\"179\">Cronista Municipal Guillermo Luna<\/strong> y la encargada de la Biblioteca, llev\u00f3 a cabo una <strong data-start=\"230\" data-end=\"267\">jornada de lectura y manualidades<\/strong> en la <strong data-start=\"274\" data-end=\"320\">Escuela Primaria Antonino Gonz\u00e1lez Abascal<\/strong>. \ud83c\udfeb\ud83d\udcd6<\/p>\n<p style=\"text-align: justify;\" data-start=\"330\" data-end=\"696\">\ud83d\udcc5 <strong data-start=\"333\" data-end=\"342\">Hora:<\/strong> 9:00 a.m.<br data-start=\"352\" data-end=\"355\" \/>\ud83d\udcd6 <strong data-start=\"358\" data-end=\"372\">Actividad:<\/strong> Los alumnos de cuarto grado disfrutaron de la lectura de una <strong data-start=\"434\" data-end=\"464\">fascinante historia griega<\/strong>, narrada por el <strong data-start=\"481\" data-end=\"503\">Cronista Municipal<\/strong>.<br data-start=\"504\" data-end=\"507\" \/>\u267b\ufe0f <strong data-start=\"510\" data-end=\"538\">Creatividad y reciclaje:<\/strong> Sandra Rold\u00e1n, encargada de la <strong data-start=\"570\" data-end=\"610\">Biblioteca Municipal Nicanor Serrano<\/strong>, gui\u00f3 a los ni\u00f1os en la elaboraci\u00f3n de un <strong data-start=\"653\" data-end=\"693\">porta retrato con material reciclado<\/strong>.<\/p>\n<p style=\"text-align: justify;\" data-start=\"698\" data-end=\"854\">\ud83c\udf31\ud83d\udcda A trav\u00e9s de estas actividades, los peque\u00f1os <strong data-start=\"747\" data-end=\"847\">aprendieron, se divirtieron y reforzaron el h\u00e1bito de la lectura y el cuidado del medio ambiente<\/strong>. \ud83c\udf0d\u2728<\/p>\n<p style=\"text-align: justify;\" data-start=\"856\" data-end=\"882\" data-is-last-node=\"\">#ZacatelcoFuerteYSeguro \ud83d\udc99<\/p>\n<p data-start=\"856\" data-end=\"882\" data-is-last-node=\"\"><img loading=\"lazy\" decoding=\"async\" class=\"alignnone size-full wp-image-37045\" src=\"https:\/\/labestiapolitica.com.mx\/wp-content\/uploads\/2025\/02\/3-15.png\" alt=\"\" width=\"2000\" height=\"1200\" srcset=\"https:\/\/labestiapolitica.com.mx\/wp-content\/uploads\/2025\/02\/3-15.png 2000w, https:\/\/labestiapolitica.com.mx\/wp-content\/uploads\/2025\/02\/3-15-300x180.png 300w, https:\/\/labestiapolitica.com.mx\/wp-content\/uploads\/2025\/02\/3-15-1024x614.png 1024w, https:\/\/labestiapolitica.com.mx\/wp-content\/uploads\/2025\/02\/3-15-768x461.png 768w, https:\/\/labestiapolitica.com.mx\/wp-content\/uploads\/2025\/02\/3-15-1536x922.png 1536w\" sizes=\"auto, (max-width: 2000px) 100vw, 2000px\" \/> <img loading=\"lazy\" decoding=\"async\" class=\"alignnone size-full wp-image-37046\" src=\"https:\/\/labestiapolitica.com.mx\/wp-content\/uploads\/2025\/02\/1-16.png\" alt=\"\" width=\"2000\" height=\"1200\" srcset=\"https:\/\/labestiapolitica.com.mx\/wp-content\/uploads\/2025\/02\/1-16.png 2000w, https:\/\/labestiapolitica.com.mx\/wp-content\/uploads\/2025\/02\/1-16-300x180.png 300w, https:\/\/labestiapolitica.com.mx\/wp-content\/uploads\/2025\/02\/1-16-1024x614.png 1024w, https:\/\/labestiapolitica.com.mx\/wp-content\/uploads\/2025\/02\/1-16-768x461.png 768w, https:\/\/labestiapolitica.com.mx\/wp-content\/uploads\/2025\/02\/1-16-1536x922.png 1536w\" sizes=\"auto, (max-width: 2000px) 100vw, 2000px\" \/><\/p>\n<p data-start=\"856\" data-end=\"882\" data-is-last-node=\"\">\n","protected":false},"excerpt":{"rendered":"<p>Esta ma\u00f1ana, el Gobierno Municipal de Zacatelco, en coordinaci\u00f3n con el Cronista Municipal Guillermo Luna y la encargada de la Biblioteca, llev\u00f3 a cabo una jornada de lectura y manualidades en la Escuela Primaria Antonino Gonz\u00e1lez Abascal. \ud83c\udfeb\ud83d\udcd6 \ud83d\udcc5 Hora: 9:00 a.m.\ud83d\udcd6 Actividad: Los alumnos de cuarto grado disfrutaron de la lectura de una fascinante [&hellip;]<\/p>\n","protected":false},"author":3,"featured_media":37044,"comment_status":"open","ping_status":"open","sticky":false,"template":"","format":"standard","meta":{"footnotes":""},"categories":[12,216,217],"tags":[],"class_list":["post-37043","post","type-post","status-publish","format-standard","has-post-thumbnail","hentry","category-brujula-2026","category-municipios","category-zacatelco"],"amp_enabled":true,"_links":{"self":[{"href":"https:\/\/labestiapolitica.com.mx\/index.php?rest_route=\/wp\/v2\/posts\/37043","targetHints":{"allow":["GET"]}}],"collection":[{"href":"https:\/\/labestiapolitica.com.mx\/index.php?rest_route=\/wp\/v2\/posts"}],"about":[{"href":"https:\/\/labestiapolitica.com.mx\/index.php?rest_route=\/wp\/v2\/types\/post"}],"author":[{"embeddable":true,"href":"https:\/\/labestiapolitica.com.mx\/index.php?rest_route=\/wp\/v2\/users\/3"}],"replies":[{"embeddable":true,"href":"https:\/\/labestiapolitica.com.mx\/index.php?rest_route=%2Fwp%2Fv2%2Fcomments&post=37043"}],"version-history":[{"count":2,"href":"https:\/\/labestiapolitica.com.mx\/index.php?rest_route=\/wp\/v2\/posts\/37043\/revisions"}],"predecessor-version":[{"id":38701,"href":"https:\/\/labestiapolitica.com.mx\/index.php?rest_route=\/wp\/v2\/posts\/37043\/revisions\/38701"}],"wp:featuredmedia":[{"embeddable":true,"href":"https:\/\/labestiapolitica.com.mx\/index.php?rest_route=\/wp\/v2\/media\/37044"}],"wp:attachment":[{"href":"https:\/\/labestiapolitica.com.mx\/index.php?rest_route=%2Fwp%2Fv2%2Fmedia&parent=37043"}],"wp:term":[{"taxonomy":"category","embeddable":true,"href":"https:\/\/labestiapolitica.com.mx\/index.php?rest_route=%2Fwp%2Fv2%2Fcategories&post=37043"},{"taxonomy":"post_tag","embeddable":true,"href":"https:\/\/labestiapolitica.com.mx\/index.php?rest_route=%2Fwp%2Fv2%2Ftags&post=37043"}],"curies":[{"name":"wp","href":"https:\/\/api.w.org\/{rel}","templated":true}]}}