{"id":37058,"date":"2025-02-12T15:15:23","date_gmt":"2025-02-12T21:15:23","guid":{"rendered":"https:\/\/labestiapolitica.com.mx\/?p=37058"},"modified":"2025-02-12T15:15:23","modified_gmt":"2025-02-12T21:15:23","slug":"%f0%9f%8f%83%e2%99%82%ef%b8%8f-zacatelco-impulsa-la-inclusion-con-la-1a-carrera-para-personas-con-discapacidad-%f0%9f%8f%83%e2%99%80%ef%b8%8f","status":"publish","type":"post","link":"https:\/\/labestiapolitica.com.mx\/?p=37058","title":{"rendered":"\ud83c\udfc3\u200d\u2642\ufe0f Zacatelco impulsa la inclusi\u00f3n con la 1\u00aa Carrera para personas con discapacidad \ud83c\udfc3\u200d\u2640\ufe0f"},"content":{"rendered":"<p style=\"text-align: justify;\" data-start=\"99\" data-end=\"289\">El <strong data-start=\"102\" data-end=\"137\">Gobierno Municipal de Zacatelco<\/strong> llev\u00f3 a cabo la primera <strong data-start=\"162\" data-end=\"188\">\u00abCarrera de Inclusi\u00f3n\u00bb<\/strong>, en la que participaron m\u00e1s de <strong data-start=\"220\" data-end=\"236\">120 personas<\/strong> en una jornada llena de convivencia y alegr\u00eda. \ud83c\udfbd\u2728<\/p>\n<p style=\"text-align: justify;\" data-start=\"291\" data-end=\"540\">Gracias al trabajo del <strong data-start=\"314\" data-end=\"440\">DIF Municipal, el Instituto Municipal de Atenci\u00f3n a Personas con Discapacidad, la Unidad B\u00e1sica de Rehabilitaci\u00f3n y el CAM<\/strong>, promovemos la inclusi\u00f3n y el acceso a actividades recreativas para los sectores m\u00e1s vulnerables.<\/p>\n<p style=\"text-align: justify;\" data-start=\"542\" data-end=\"681\">\ud83c\udf89 Despu\u00e9s de la carrera, las y los participantes disfrutaron de <strong data-start=\"607\" data-end=\"638\">comida, concursos y regalos<\/strong>, fortaleciendo el esp\u00edritu de comunidad.<\/p>\n<p style=\"text-align: justify;\" data-start=\"683\" data-end=\"896\">Con estas acciones, el <strong data-start=\"706\" data-end=\"741\">Gobierno Municipal de Zacatelco<\/strong>, encabezado por el presidente <strong data-start=\"772\" data-end=\"799\">Jos\u00e9 Miguel Acatzi Luna<\/strong>, reafirma su compromiso de construir un <strong data-start=\"840\" data-end=\"889\">Zacatelco fuerte y seguro para todas y todos.<\/strong> \ud83e\udd1d\ud83d\udc99<\/p>\n<p style=\"text-align: justify;\" data-start=\"898\" data-end=\"921\" data-is-last-node=\"\">#ZacatelcoFuerteySeguro<\/p>\n<p style=\"text-align: justify;\" data-start=\"898\" data-end=\"921\" data-is-last-node=\"\"><img loading=\"lazy\" decoding=\"async\" class=\"alignnone size-full wp-image-37063\" src=\"https:\/\/labestiapolitica.com.mx\/wp-content\/uploads\/2025\/02\/2-17.png\" alt=\"\" width=\"2000\" height=\"1200\" srcset=\"https:\/\/labestiapolitica.com.mx\/wp-content\/uploads\/2025\/02\/2-17.png 2000w, https:\/\/labestiapolitica.com.mx\/wp-content\/uploads\/2025\/02\/2-17-300x180.png 300w, https:\/\/labestiapolitica.com.mx\/wp-content\/uploads\/2025\/02\/2-17-1024x614.png 1024w, https:\/\/labestiapolitica.com.mx\/wp-content\/uploads\/2025\/02\/2-17-768x461.png 768w, https:\/\/labestiapolitica.com.mx\/wp-content\/uploads\/2025\/02\/2-17-1536x922.png 1536w\" sizes=\"auto, (max-width: 2000px) 100vw, 2000px\" \/> <img loading=\"lazy\" decoding=\"async\" class=\"alignnone size-full wp-image-37064\" src=\"https:\/\/labestiapolitica.com.mx\/wp-content\/uploads\/2025\/02\/3-16.png\" alt=\"\" width=\"2000\" height=\"1200\" srcset=\"https:\/\/labestiapolitica.com.mx\/wp-content\/uploads\/2025\/02\/3-16.png 2000w, https:\/\/labestiapolitica.com.mx\/wp-content\/uploads\/2025\/02\/3-16-300x180.png 300w, https:\/\/labestiapolitica.com.mx\/wp-content\/uploads\/2025\/02\/3-16-1024x614.png 1024w, https:\/\/labestiapolitica.com.mx\/wp-content\/uploads\/2025\/02\/3-16-768x461.png 768w, https:\/\/labestiapolitica.com.mx\/wp-content\/uploads\/2025\/02\/3-16-1536x922.png 1536w\" sizes=\"auto, (max-width: 2000px) 100vw, 2000px\" \/> <img loading=\"lazy\" decoding=\"async\" class=\"alignnone size-full wp-image-37065\" src=\"https:\/\/labestiapolitica.com.mx\/wp-content\/uploads\/2025\/02\/4-7.png\" alt=\"\" width=\"2000\" height=\"1200\" srcset=\"https:\/\/labestiapolitica.com.mx\/wp-content\/uploads\/2025\/02\/4-7.png 2000w, https:\/\/labestiapolitica.com.mx\/wp-content\/uploads\/2025\/02\/4-7-300x180.png 300w, https:\/\/labestiapolitica.com.mx\/wp-content\/uploads\/2025\/02\/4-7-1024x614.png 1024w, https:\/\/labestiapolitica.com.mx\/wp-content\/uploads\/2025\/02\/4-7-768x461.png 768w, https:\/\/labestiapolitica.com.mx\/wp-content\/uploads\/2025\/02\/4-7-1536x922.png 1536w\" sizes=\"auto, (max-width: 2000px) 100vw, 2000px\" \/><\/p>\n<p data-start=\"898\" data-end=\"921\" data-is-last-node=\"\">\n","protected":false},"excerpt":{"rendered":"<p>El Gobierno Municipal de Zacatelco llev\u00f3 a cabo la primera \u00abCarrera de Inclusi\u00f3n\u00bb, en la que participaron m\u00e1s de 120 personas en una jornada llena de convivencia y alegr\u00eda. \ud83c\udfbd\u2728 Gracias al trabajo del DIF Municipal, el Instituto Municipal de Atenci\u00f3n a Personas con Discapacidad, la Unidad B\u00e1sica de Rehabilitaci\u00f3n y el CAM, promovemos la [&hellip;]<\/p>\n","protected":false},"author":3,"featured_media":37062,"comment_status":"open","ping_status":"open","sticky":false,"template":"","format":"standard","meta":{"footnotes":""},"categories":[12,216,217],"tags":[],"class_list":["post-37058","post","type-post","status-publish","format-standard","has-post-thumbnail","hentry","category-brujula-2026","category-municipios","category-zacatelco"],"amp_enabled":true,"_links":{"self":[{"href":"https:\/\/labestiapolitica.com.mx\/index.php?rest_route=\/wp\/v2\/posts\/37058","targetHints":{"allow":["GET"]}}],"collection":[{"href":"https:\/\/labestiapolitica.com.mx\/index.php?rest_route=\/wp\/v2\/posts"}],"about":[{"href":"https:\/\/labestiapolitica.com.mx\/index.php?rest_route=\/wp\/v2\/types\/post"}],"author":[{"embeddable":true,"href":"https:\/\/labestiapolitica.com.mx\/index.php?rest_route=\/wp\/v2\/users\/3"}],"replies":[{"embeddable":true,"href":"https:\/\/labestiapolitica.com.mx\/index.php?rest_route=%2Fwp%2Fv2%2Fcomments&post=37058"}],"version-history":[{"count":1,"href":"https:\/\/labestiapolitica.com.mx\/index.php?rest_route=\/wp\/v2\/posts\/37058\/revisions"}],"predecessor-version":[{"id":37066,"href":"https:\/\/labestiapolitica.com.mx\/index.php?rest_route=\/wp\/v2\/posts\/37058\/revisions\/37066"}],"wp:featuredmedia":[{"embeddable":true,"href":"https:\/\/labestiapolitica.com.mx\/index.php?rest_route=\/wp\/v2\/media\/37062"}],"wp:attachment":[{"href":"https:\/\/labestiapolitica.com.mx\/index.php?rest_route=%2Fwp%2Fv2%2Fmedia&parent=37058"}],"wp:term":[{"taxonomy":"category","embeddable":true,"href":"https:\/\/labestiapolitica.com.mx\/index.php?rest_route=%2Fwp%2Fv2%2Fcategories&post=37058"},{"taxonomy":"post_tag","embeddable":true,"href":"https:\/\/labestiapolitica.com.mx\/index.php?rest_route=%2Fwp%2Fv2%2Ftags&post=37058"}],"curies":[{"name":"wp","href":"https:\/\/api.w.org\/{rel}","templated":true}]}}