{"id":37070,"date":"2025-02-12T15:26:21","date_gmt":"2025-02-12T21:26:21","guid":{"rendered":"https:\/\/labestiapolitica.com.mx\/?p=37070"},"modified":"2025-02-12T15:26:21","modified_gmt":"2025-02-12T21:26:21","slug":"acerca-el-presidente-alfonso-sanchez-los-servicios-de-las-jornadas-para-el-bienestar-a-acuitlapilco","status":"publish","type":"post","link":"https:\/\/labestiapolitica.com.mx\/?p=37070","title":{"rendered":"Acerca el presidente Alfonso S\u00e1nchez los servicios de las Jornadas para el Bienestar a Acuitlapilco"},"content":{"rendered":"<p style=\"text-align: justify;\">* En la tercera feria de servicios, celebrada en la comunidad de Acuitlapilco, se conformaron comit\u00e9s de bienestar para dar continuidad a las acciones de atenci\u00f3n a las necesidades de la poblaci\u00f3n<\/p>\n<p style=\"text-align: justify;\">El presidente municipal de Tlaxcala, Alfonso S\u00e1nchez Garc\u00eda, encabez\u00f3 la tercera Jornada para el Bienestar en la comunidad de Santa Mar\u00eda Acuitlapilco, donde se ofrecieron servicios esenciales a la poblaci\u00f3n, como consultas m\u00e9dicas y dentales, asesor\u00eda jur\u00eddica y afiliaci\u00f3n a los programas de Bienestar impulsados por los gobiernos estatal y federal.<\/p>\n<p style=\"text-align: justify;\">Acompa\u00f1ado por el jefe de Servicios Integrales de Bienestar para tu Salud, Javier Mendoza Rodr\u00edguez, y el director de la Unidad de Capacitaci\u00f3n ICATLAX, Miguel \u00c1ngel Castro Franco, el alcalde reiter\u00f3 que estas ferias de servicios forman parte de la estrategia municipal \u00abJuntos por el Bien de Todos\u00bb, cuyo objetivo es brindar atenci\u00f3n focalizada a los grupos vulnerables del municipio.<\/p>\n<p style=\"text-align: justify;\">El presidente Alfonso S\u00e1nchez destac\u00f3 que, a trav\u00e9s de estas jornadas, se busca acercar a la poblaci\u00f3n m\u00e1s necesitada los servicios municipales, estatales y federales, garantizando el acceso a la salud, la educaci\u00f3n, los servicios p\u00fablicos y la alimentaci\u00f3n, derechos fundamentales de todas y todos los mexicanos.<\/p>\n<p style=\"text-align: justify;\">Adem\u00e1s, subray\u00f3 que esta iniciativa, impulsada desde el gobierno municipal, regresar\u00e1 cuantas veces sea necesario a cada comunidad, con el fin de garantizar el bienestar de sus habitantes y dar continuidad a las acciones enfocadas en atender las necesidades de los sectores m\u00e1s vulnerables, mediante la conformaci\u00f3n de comit\u00e9s de bienestar vecinales.<\/p>\n<p style=\"text-align: justify;\">\u201cEl comit\u00e9 de bienestar nos ayudar\u00e1 a mantener un contacto permanente con su comunidad y a trabajar juntos para fortalecer las habilidades de las personas con m\u00e1s carencias. Podemos organizar talleres para que aprendan alg\u00fan oficio o actividad art\u00edstica, realizar pl\u00e1ticas sobre los temas que m\u00e1s les interesen o coordinarnos en materia de seguridad y cualquier otro servicio que necesiten\u201d, explic\u00f3 el alcalde.<\/p>\n<p style=\"text-align: justify;\">En este sentido, inform\u00f3 que representantes de la Direcci\u00f3n de Seguridad Ciudadana y Movilidad del Municipio de Tlaxcala tendr\u00e1n una participaci\u00f3n activa en estas jornadas, con el objetivo de reforzar las labores de prevenci\u00f3n del delito y fomentar la participaci\u00f3n ciudadana.<\/p>\n<p style=\"text-align: justify;\">\u201cEn materia de seguridad, quiero reiterar que la tranquilidad de la ciudad de Tlaxcala y de todo el municipio es nuestra prioridad, pero necesitamos la participaci\u00f3n de cada uno de ustedes. Por ello, hoy nos acompa\u00f1a un representante de nuestra direcci\u00f3n de seguridad para atender sus inquietudes y formalizar este mes los comit\u00e9s de vecinos vigilantes\u201d, puntualiz\u00f3.<\/p>\n<p style=\"text-align: justify;\">Para concluir esta exitosa jornada de servicios, Alfonso S\u00e1nchez atendi\u00f3 a las y los ciudadanos de Acuitlapilco a trav\u00e9s de audiencias p\u00fablicas, reafirmando as\u00ed su compromiso con un gobierno cercano, incluyente y solidario.<\/p>\n","protected":false},"excerpt":{"rendered":"<p>* En la tercera feria de servicios, celebrada en la comunidad de Acuitlapilco, se conformaron comit\u00e9s de bienestar para dar continuidad a las acciones de atenci\u00f3n a las necesidades de la poblaci\u00f3n El presidente municipal de Tlaxcala, Alfonso S\u00e1nchez Garc\u00eda, encabez\u00f3 la tercera Jornada para el Bienestar en la comunidad de Santa Mar\u00eda Acuitlapilco, donde [&hellip;]<\/p>\n","protected":false},"author":3,"featured_media":37081,"comment_status":"open","ping_status":"open","sticky":false,"template":"","format":"standard","meta":{"footnotes":""},"categories":[12,214],"tags":[],"class_list":["post-37070","post","type-post","status-publish","format-standard","has-post-thumbnail","hentry","category-brujula-2026","category-tlaxcala-capital"],"amp_enabled":true,"_links":{"self":[{"href":"https:\/\/labestiapolitica.com.mx\/index.php?rest_route=\/wp\/v2\/posts\/37070","targetHints":{"allow":["GET"]}}],"collection":[{"href":"https:\/\/labestiapolitica.com.mx\/index.php?rest_route=\/wp\/v2\/posts"}],"about":[{"href":"https:\/\/labestiapolitica.com.mx\/index.php?rest_route=\/wp\/v2\/types\/post"}],"author":[{"embeddable":true,"href":"https:\/\/labestiapolitica.com.mx\/index.php?rest_route=\/wp\/v2\/users\/3"}],"replies":[{"embeddable":true,"href":"https:\/\/labestiapolitica.com.mx\/index.php?rest_route=%2Fwp%2Fv2%2Fcomments&post=37070"}],"version-history":[{"count":1,"href":"https:\/\/labestiapolitica.com.mx\/index.php?rest_route=\/wp\/v2\/posts\/37070\/revisions"}],"predecessor-version":[{"id":37085,"href":"https:\/\/labestiapolitica.com.mx\/index.php?rest_route=\/wp\/v2\/posts\/37070\/revisions\/37085"}],"wp:featuredmedia":[{"embeddable":true,"href":"https:\/\/labestiapolitica.com.mx\/index.php?rest_route=\/wp\/v2\/media\/37081"}],"wp:attachment":[{"href":"https:\/\/labestiapolitica.com.mx\/index.php?rest_route=%2Fwp%2Fv2%2Fmedia&parent=37070"}],"wp:term":[{"taxonomy":"category","embeddable":true,"href":"https:\/\/labestiapolitica.com.mx\/index.php?rest_route=%2Fwp%2Fv2%2Fcategories&post=37070"},{"taxonomy":"post_tag","embeddable":true,"href":"https:\/\/labestiapolitica.com.mx\/index.php?rest_route=%2Fwp%2Fv2%2Ftags&post=37070"}],"curies":[{"name":"wp","href":"https:\/\/api.w.org\/{rel}","templated":true}]}}